{"id":4453,"date":"2024-02-27T11:10:00","date_gmt":"2024-02-27T11:10:00","guid":{"rendered":"https:\/\/fundacion-ecotic.es\/dona-vida-al-planeta-finalitza-la-quarta-edicio-arribant-a-400-municipis-a-andalusia\/"},"modified":"2024-06-14T09:33:15","modified_gmt":"2024-06-14T09:33:15","slug":"dona-vida-al-planeta-finalitza-la-quarta-edicio-arribant-a-400-municipis-a-andalusia","status":"publish","type":"post","link":"https:\/\/fundacion-ecotic.es\/ca\/dona-vida-al-planeta-finalitza-la-quarta-edicio-arribant-a-400-municipis-a-andalusia\/","title":{"rendered":"Dona Vida al Planeta finalitza la quarta edici\u00f3, arribant a 400 municipis a Andalusia"},"content":{"rendered":"\n<p>La campanya &#8216; <a href=\"https:\/\/donavidaalplaneta.com\/\">Dona Vida al Planeta<\/a> &#8216; ha culminat la seva quarta edici\u00f3 abastant 400 municipis a tot Andalusia. Durant gaireb\u00e9 dos mesos, aquesta iniciativa ha desplegat un extens programa de sensibilitzaci\u00f3 sobre la import\u00e0ncia del reciclatge dels residus d&#8217;aparells el\u00e8ctrics i electr\u00f2nics (RAEE), portant un missatge clar: cada petita acci\u00f3 compta per preservar el nostre planeta.<\/p>\n\n<p>Impulsada per  <a href=\"https:\/\/www.raeeandalucia.es\/\">RAEE Andalusia<\/a>  i recolzada per la Conselleria de Sostenibilitat, Medi Ambient i Economia Blava de la  <a href=\"https:\/\/www.juntadeandalucia.es\/\">Junta d&#8217;Andalusia<\/a>, la Federaci\u00f3 Andalusa de Municipis i Prov\u00edncies (<a href=\"https:\/\/www.famp.es\/es\/\">FAMP<\/a>), i  <a href=\"https:\/\/www.ecotic.es\/\">ECOTIC<\/a>  juntament amb els Sistemes Col\u00b7lectius en Responsabilitat Ampliada del Productor (SCRAP), la campanya ha estat un \u00e8xit a la regi\u00f3.<\/p>\n\n<p>Durant el seu trajecte, &#8216; <a href=\"https:\/\/donavidaalplaneta.com\/\">Dona Vida al Planeta<\/a> &#8216; ha desplegat m\u00e9s de 740 accions de street marketing, arribant als principals establiments del sector electro fins a centenars de comer\u00e7os minoristes. La campanya ha emfatitzat els drets dels ciutadans en la gesti\u00f3 adequada d&#8217;aquests residus, promovent-ne la recollida correcta i acabant amb els mites sobre la seva disposici\u00f3.<\/p>\n\n<p>El suport institucional ha estat fonamental per a l\u00e8xit de la iniciativa. Delegats territorials, alcaldes i representants universitaris es van unir per donar suport a la causa, reconeixent la urg\u00e8ncia d&#8217;adoptar pr\u00e0ctiques responsables per garantir la sostenibilitat ambiental i econ\u00f2mica de la nostra regi\u00f3.<\/p>\n\n<p>La participaci\u00f3 ciutadana ha estat clau en aquest trajecte cap a la conscienciaci\u00f3 ambiental. Gr\u00e0cies al comprom\u00eds dels andalusos, s&#8217;ha aconseguit una comprensi\u00f3 m\u00e9s gran dels beneficis del reciclatge de RAEE, aix\u00ed com la reutilitzaci\u00f3 de materials per a la producci\u00f3 futura de dispositius electr\u00f2nics.<\/p>\n\n<p>Per\u00f2 &#8216; <a href=\"https:\/\/donavidaalplaneta.com\/\">Dona Vida al Planeta<\/a> &#8216; no s&#8217;atura als carrers. Amb el hashtag #DonaVidaAlPlaneta, les xarxes socials esdevingueren un espai de di\u00e0leg i difusi\u00f3 d&#8217;informaci\u00f3, aconseguint m\u00e9s de 4.3 milions d&#8217;impressions. A m\u00e9s, la campanya es va estendre als mitjans de comunicaci\u00f3, amb notes de premsa, falques radials i emissions televisives que van portar el missatge a tots els racons d&#8217;Andalusia.<\/p>\n\n<p>Els esfor\u00e7os no es van limitar a la divulgaci\u00f3. Els informadors van distribuir milers de bol\u00edgrafs i bosses de roba, mentre recorrien els municipis en patinets el\u00e8ctrics, resolent dubtes i fomentant la participaci\u00f3. A m\u00e9s, es va recompensar el comprom\u00eds ciutad\u00e0 amb sorteigs de patinets el\u00e8ctrics i tauletes, donant-los una segona vida a aquests dispositius.<\/p>\n\n<p>En paral\u00b7lel, la Federaci\u00f3 Andalusa d&#8217;Electrodom\u00e8stics i Altres Equipaments de la Llar ( <a href=\"https:\/\/www.fael.es\/\">FAEL<\/a> ) es va sumar a la causa, informant i facilitant el lliurament d&#8217;aparells en des\u00fas als seus establiments.<\/p>\n\n<p>M\u00e9s que una campanya, &#8216; <a href=\"https:\/\/donavidaalplaneta.com\/\">Dona Vida al Planeta<\/a> &#8216; \u00e9s un moviment responsable i conscient. Cada gest, per petit que sembli, ens acosta un pas m\u00e9s cap a un futur sostenible.  <\/p>\n","protected":false},"excerpt":{"rendered":"<p>La participaci\u00f3 ciutadana ha estat clau en aquest trajecte cap a la conscienciaci\u00f3 ambiental. Gr\u00e0cies al comprom\u00eds dels andalusos, s&#8217;ha aconseguit una comprensi\u00f3 m\u00e9s gran dels beneficis del reciclatge de RAEE, aix\u00ed com la reutilitzaci\u00f3 de materials per a la producci\u00f3 futura de dispositius electr\u00f2nics.<\/p>\n","protected":false},"author":2,"featured_media":4454,"comment_status":"closed","ping_status":"closed","sticky":false,"template":"","format":"standard","meta":{"footnotes":""},"categories":[2],"tags":[],"class_list":["post-4453","post","type-post","status-publish","format-standard","has-post-thumbnail","hentry","category-uncategorized-ca"],"yoast_head":"<!-- This site is optimized with the Yoast SEO plugin v27.4 - https:\/\/yoast.com\/product\/yoast-seo-wordpress\/ -->\n<title>Dona Vida al Planeta finalitza la quarta edici\u00f3, arribant a 400 municipis a Andalusia - Ecotic<\/title>\n<meta name=\"robots\" content=\"index, follow, max-snippet:-1, max-image-preview:large, max-video-preview:-1\" \/>\n<link rel=\"canonical\" href=\"https:\/\/fundacion-ecotic.es\/ca\/dona-vida-al-planeta-finalitza-la-quarta-edicio-arribant-a-400-municipis-a-andalusia\/\" \/>\n<meta property=\"og:locale\" content=\"ca_ES\" \/>\n<meta property=\"og:type\" content=\"article\" \/>\n<meta property=\"og:title\" content=\"Dona Vida al Planeta finalitza la quarta edici\u00f3, arribant a 400 municipis a Andalusia - Ecotic\" \/>\n<meta property=\"og:description\" content=\"La participaci\u00f3 ciutadana ha estat clau en aquest trajecte cap a la conscienciaci\u00f3 ambiental. Gr\u00e0cies al comprom\u00eds dels andalusos, s&#039;ha aconseguit una comprensi\u00f3 m\u00e9s gran dels beneficis del reciclatge de RAEE, aix\u00ed com la reutilitzaci\u00f3 de materials per a la producci\u00f3 futura de dispositius electr\u00f2nics.\" \/>\n<meta property=\"og:url\" content=\"https:\/\/fundacion-ecotic.es\/ca\/dona-vida-al-planeta-finalitza-la-quarta-edicio-arribant-a-400-municipis-a-andalusia\/\" \/>\n<meta property=\"og:site_name\" content=\"Ecotic\" \/>\n<meta property=\"article:published_time\" content=\"2024-02-27T11:10:00+00:00\" \/>\n<meta property=\"article:modified_time\" content=\"2024-06-14T09:33:15+00:00\" \/>\n<meta property=\"og:image\" content=\"https:\/\/fundacion-ecotic.es\/wp-content\/uploads\/2024\/05\/2024_02_DONA-VIDA-AL-PLANETA-0644.jpg\" \/>\n\t<meta property=\"og:image:width\" content=\"700\" \/>\n\t<meta property=\"og:image:height\" content=\"700\" \/>\n\t<meta property=\"og:image:type\" content=\"image\/jpeg\" \/>\n<meta name=\"author\" content=\"Fernando\" \/>\n<meta name=\"twitter:card\" content=\"summary_large_image\" \/>\n<meta name=\"twitter:label1\" content=\"Escrit per\" \/>\n\t<meta name=\"twitter:data1\" content=\"Fernando\" \/>\n\t<meta name=\"twitter:label2\" content=\"Temps estimat de lectura\" \/>\n\t<meta name=\"twitter:data2\" content=\"2 minuts\" \/>\n<script type=\"application\/ld+json\" class=\"yoast-schema-graph\">{\"@context\":\"https:\\\/\\\/schema.org\",\"@graph\":[{\"@type\":\"Article\",\"@id\":\"https:\\\/\\\/fundacion-ecotic.es\\\/ca\\\/dona-vida-al-planeta-finalitza-la-quarta-edicio-arribant-a-400-municipis-a-andalusia\\\/#article\",\"isPartOf\":{\"@id\":\"https:\\\/\\\/fundacion-ecotic.es\\\/ca\\\/dona-vida-al-planeta-finalitza-la-quarta-edicio-arribant-a-400-municipis-a-andalusia\\\/\"},\"author\":{\"name\":\"Fernando\",\"@id\":\"https:\\\/\\\/fundacion-ecotic.es\\\/ca\\\/#\\\/schema\\\/person\\\/26cbca14cb00875347afc6ae577a401b\"},\"headline\":\"Dona Vida al Planeta finalitza la quarta edici\u00f3, arribant a 400 municipis a Andalusia\",\"datePublished\":\"2024-02-27T11:10:00+00:00\",\"dateModified\":\"2024-06-14T09:33:15+00:00\",\"mainEntityOfPage\":{\"@id\":\"https:\\\/\\\/fundacion-ecotic.es\\\/ca\\\/dona-vida-al-planeta-finalitza-la-quarta-edicio-arribant-a-400-municipis-a-andalusia\\\/\"},\"wordCount\":477,\"publisher\":{\"@id\":\"https:\\\/\\\/fundacion-ecotic.es\\\/ca\\\/#organization\"},\"image\":{\"@id\":\"https:\\\/\\\/fundacion-ecotic.es\\\/ca\\\/dona-vida-al-planeta-finalitza-la-quarta-edicio-arribant-a-400-municipis-a-andalusia\\\/#primaryimage\"},\"thumbnailUrl\":\"https:\\\/\\\/fundacion-ecotic.es\\\/wp-content\\\/uploads\\\/2024\\\/05\\\/2024_02_DONA-VIDA-AL-PLANETA-0644.jpg\",\"articleSection\":[\"Uncategorized @ca\"],\"inLanguage\":\"ca\"},{\"@type\":\"WebPage\",\"@id\":\"https:\\\/\\\/fundacion-ecotic.es\\\/ca\\\/dona-vida-al-planeta-finalitza-la-quarta-edicio-arribant-a-400-municipis-a-andalusia\\\/\",\"url\":\"https:\\\/\\\/fundacion-ecotic.es\\\/ca\\\/dona-vida-al-planeta-finalitza-la-quarta-edicio-arribant-a-400-municipis-a-andalusia\\\/\",\"name\":\"Dona Vida al Planeta finalitza la quarta edici\u00f3, arribant a 400 municipis a Andalusia - Ecotic\",\"isPartOf\":{\"@id\":\"https:\\\/\\\/fundacion-ecotic.es\\\/ca\\\/#website\"},\"primaryImageOfPage\":{\"@id\":\"https:\\\/\\\/fundacion-ecotic.es\\\/ca\\\/dona-vida-al-planeta-finalitza-la-quarta-edicio-arribant-a-400-municipis-a-andalusia\\\/#primaryimage\"},\"image\":{\"@id\":\"https:\\\/\\\/fundacion-ecotic.es\\\/ca\\\/dona-vida-al-planeta-finalitza-la-quarta-edicio-arribant-a-400-municipis-a-andalusia\\\/#primaryimage\"},\"thumbnailUrl\":\"https:\\\/\\\/fundacion-ecotic.es\\\/wp-content\\\/uploads\\\/2024\\\/05\\\/2024_02_DONA-VIDA-AL-PLANETA-0644.jpg\",\"datePublished\":\"2024-02-27T11:10:00+00:00\",\"dateModified\":\"2024-06-14T09:33:15+00:00\",\"breadcrumb\":{\"@id\":\"https:\\\/\\\/fundacion-ecotic.es\\\/ca\\\/dona-vida-al-planeta-finalitza-la-quarta-edicio-arribant-a-400-municipis-a-andalusia\\\/#breadcrumb\"},\"inLanguage\":\"ca\",\"potentialAction\":[{\"@type\":\"ReadAction\",\"target\":[\"https:\\\/\\\/fundacion-ecotic.es\\\/ca\\\/dona-vida-al-planeta-finalitza-la-quarta-edicio-arribant-a-400-municipis-a-andalusia\\\/\"]}]},{\"@type\":\"ImageObject\",\"inLanguage\":\"ca\",\"@id\":\"https:\\\/\\\/fundacion-ecotic.es\\\/ca\\\/dona-vida-al-planeta-finalitza-la-quarta-edicio-arribant-a-400-municipis-a-andalusia\\\/#primaryimage\",\"url\":\"https:\\\/\\\/fundacion-ecotic.es\\\/wp-content\\\/uploads\\\/2024\\\/05\\\/2024_02_DONA-VIDA-AL-PLANETA-0644.jpg\",\"contentUrl\":\"https:\\\/\\\/fundacion-ecotic.es\\\/wp-content\\\/uploads\\\/2024\\\/05\\\/2024_02_DONA-VIDA-AL-PLANETA-0644.jpg\",\"width\":700,\"height\":700},{\"@type\":\"BreadcrumbList\",\"@id\":\"https:\\\/\\\/fundacion-ecotic.es\\\/ca\\\/dona-vida-al-planeta-finalitza-la-quarta-edicio-arribant-a-400-municipis-a-andalusia\\\/#breadcrumb\",\"itemListElement\":[{\"@type\":\"ListItem\",\"position\":1,\"name\":\"Portada\",\"item\":\"https:\\\/\\\/fundacion-ecotic.es\\\/ca\\\/\"},{\"@type\":\"ListItem\",\"position\":2,\"name\":\"Dona Vida al Planeta finalitza la quarta edici\u00f3, arribant a 400 municipis a Andalusia\"}]},{\"@type\":\"WebSite\",\"@id\":\"https:\\\/\\\/fundacion-ecotic.es\\\/ca\\\/#website\",\"url\":\"https:\\\/\\\/fundacion-ecotic.es\\\/ca\\\/\",\"name\":\"Ecotic\",\"description\":\"Ecotic\",\"publisher\":{\"@id\":\"https:\\\/\\\/fundacion-ecotic.es\\\/ca\\\/#organization\"},\"potentialAction\":[{\"@type\":\"SearchAction\",\"target\":{\"@type\":\"EntryPoint\",\"urlTemplate\":\"https:\\\/\\\/fundacion-ecotic.es\\\/ca\\\/?s={search_term_string}\"},\"query-input\":{\"@type\":\"PropertyValueSpecification\",\"valueRequired\":true,\"valueName\":\"search_term_string\"}}],\"inLanguage\":\"ca\"},{\"@type\":\"Organization\",\"@id\":\"https:\\\/\\\/fundacion-ecotic.es\\\/ca\\\/#organization\",\"name\":\"Ecotic\",\"url\":\"https:\\\/\\\/fundacion-ecotic.es\\\/ca\\\/\",\"logo\":{\"@type\":\"ImageObject\",\"inLanguage\":\"ca\",\"@id\":\"https:\\\/\\\/fundacion-ecotic.es\\\/ca\\\/#\\\/schema\\\/logo\\\/image\\\/\",\"url\":\"https:\\\/\\\/fundacion-ecotic.es\\\/wp-content\\\/uploads\\\/2024\\\/04\\\/logo-ecotic-fundacion.png\",\"contentUrl\":\"https:\\\/\\\/fundacion-ecotic.es\\\/wp-content\\\/uploads\\\/2024\\\/04\\\/logo-ecotic-fundacion.png\",\"width\":102,\"height\":39,\"caption\":\"Ecotic\"},\"image\":{\"@id\":\"https:\\\/\\\/fundacion-ecotic.es\\\/ca\\\/#\\\/schema\\\/logo\\\/image\\\/\"}},{\"@type\":\"Person\",\"@id\":\"https:\\\/\\\/fundacion-ecotic.es\\\/ca\\\/#\\\/schema\\\/person\\\/26cbca14cb00875347afc6ae577a401b\",\"name\":\"Fernando\",\"image\":{\"@type\":\"ImageObject\",\"inLanguage\":\"ca\",\"@id\":\"https:\\\/\\\/secure.gravatar.com\\\/avatar\\\/8be3d5cfc9f2376d436025eea87be5a2fbd622ef9ebbbd62bd6fa812b9696f06?s=96&d=mm&r=g\",\"url\":\"https:\\\/\\\/secure.gravatar.com\\\/avatar\\\/8be3d5cfc9f2376d436025eea87be5a2fbd622ef9ebbbd62bd6fa812b9696f06?s=96&d=mm&r=g\",\"contentUrl\":\"https:\\\/\\\/secure.gravatar.com\\\/avatar\\\/8be3d5cfc9f2376d436025eea87be5a2fbd622ef9ebbbd62bd6fa812b9696f06?s=96&d=mm&r=g\",\"caption\":\"Fernando\"},\"url\":\"https:\\\/\\\/fundacion-ecotic.es\\\/ca\\\/author\\\/fernando\\\/\"}]}<\/script>\n<!-- \/ Yoast SEO plugin. -->","yoast_head_json":{"title":"Dona Vida al Planeta finalitza la quarta edici\u00f3, arribant a 400 municipis a Andalusia - Ecotic","robots":{"index":"index","follow":"follow","max-snippet":"max-snippet:-1","max-image-preview":"max-image-preview:large","max-video-preview":"max-video-preview:-1"},"canonical":"https:\/\/fundacion-ecotic.es\/ca\/dona-vida-al-planeta-finalitza-la-quarta-edicio-arribant-a-400-municipis-a-andalusia\/","og_locale":"ca_ES","og_type":"article","og_title":"Dona Vida al Planeta finalitza la quarta edici\u00f3, arribant a 400 municipis a Andalusia - Ecotic","og_description":"La participaci\u00f3 ciutadana ha estat clau en aquest trajecte cap a la conscienciaci\u00f3 ambiental. Gr\u00e0cies al comprom\u00eds dels andalusos, s'ha aconseguit una comprensi\u00f3 m\u00e9s gran dels beneficis del reciclatge de RAEE, aix\u00ed com la reutilitzaci\u00f3 de materials per a la producci\u00f3 futura de dispositius electr\u00f2nics.","og_url":"https:\/\/fundacion-ecotic.es\/ca\/dona-vida-al-planeta-finalitza-la-quarta-edicio-arribant-a-400-municipis-a-andalusia\/","og_site_name":"Ecotic","article_published_time":"2024-02-27T11:10:00+00:00","article_modified_time":"2024-06-14T09:33:15+00:00","og_image":[{"width":700,"height":700,"url":"https:\/\/fundacion-ecotic.es\/wp-content\/uploads\/2024\/05\/2024_02_DONA-VIDA-AL-PLANETA-0644.jpg","type":"image\/jpeg"}],"author":"Fernando","twitter_card":"summary_large_image","twitter_misc":{"Escrit per":"Fernando","Temps estimat de lectura":"2 minuts"},"schema":{"@context":"https:\/\/schema.org","@graph":[{"@type":"Article","@id":"https:\/\/fundacion-ecotic.es\/ca\/dona-vida-al-planeta-finalitza-la-quarta-edicio-arribant-a-400-municipis-a-andalusia\/#article","isPartOf":{"@id":"https:\/\/fundacion-ecotic.es\/ca\/dona-vida-al-planeta-finalitza-la-quarta-edicio-arribant-a-400-municipis-a-andalusia\/"},"author":{"name":"Fernando","@id":"https:\/\/fundacion-ecotic.es\/ca\/#\/schema\/person\/26cbca14cb00875347afc6ae577a401b"},"headline":"Dona Vida al Planeta finalitza la quarta edici\u00f3, arribant a 400 municipis a Andalusia","datePublished":"2024-02-27T11:10:00+00:00","dateModified":"2024-06-14T09:33:15+00:00","mainEntityOfPage":{"@id":"https:\/\/fundacion-ecotic.es\/ca\/dona-vida-al-planeta-finalitza-la-quarta-edicio-arribant-a-400-municipis-a-andalusia\/"},"wordCount":477,"publisher":{"@id":"https:\/\/fundacion-ecotic.es\/ca\/#organization"},"image":{"@id":"https:\/\/fundacion-ecotic.es\/ca\/dona-vida-al-planeta-finalitza-la-quarta-edicio-arribant-a-400-municipis-a-andalusia\/#primaryimage"},"thumbnailUrl":"https:\/\/fundacion-ecotic.es\/wp-content\/uploads\/2024\/05\/2024_02_DONA-VIDA-AL-PLANETA-0644.jpg","articleSection":["Uncategorized @ca"],"inLanguage":"ca"},{"@type":"WebPage","@id":"https:\/\/fundacion-ecotic.es\/ca\/dona-vida-al-planeta-finalitza-la-quarta-edicio-arribant-a-400-municipis-a-andalusia\/","url":"https:\/\/fundacion-ecotic.es\/ca\/dona-vida-al-planeta-finalitza-la-quarta-edicio-arribant-a-400-municipis-a-andalusia\/","name":"Dona Vida al Planeta finalitza la quarta edici\u00f3, arribant a 400 municipis a Andalusia - Ecotic","isPartOf":{"@id":"https:\/\/fundacion-ecotic.es\/ca\/#website"},"primaryImageOfPage":{"@id":"https:\/\/fundacion-ecotic.es\/ca\/dona-vida-al-planeta-finalitza-la-quarta-edicio-arribant-a-400-municipis-a-andalusia\/#primaryimage"},"image":{"@id":"https:\/\/fundacion-ecotic.es\/ca\/dona-vida-al-planeta-finalitza-la-quarta-edicio-arribant-a-400-municipis-a-andalusia\/#primaryimage"},"thumbnailUrl":"https:\/\/fundacion-ecotic.es\/wp-content\/uploads\/2024\/05\/2024_02_DONA-VIDA-AL-PLANETA-0644.jpg","datePublished":"2024-02-27T11:10:00+00:00","dateModified":"2024-06-14T09:33:15+00:00","breadcrumb":{"@id":"https:\/\/fundacion-ecotic.es\/ca\/dona-vida-al-planeta-finalitza-la-quarta-edicio-arribant-a-400-municipis-a-andalusia\/#breadcrumb"},"inLanguage":"ca","potentialAction":[{"@type":"ReadAction","target":["https:\/\/fundacion-ecotic.es\/ca\/dona-vida-al-planeta-finalitza-la-quarta-edicio-arribant-a-400-municipis-a-andalusia\/"]}]},{"@type":"ImageObject","inLanguage":"ca","@id":"https:\/\/fundacion-ecotic.es\/ca\/dona-vida-al-planeta-finalitza-la-quarta-edicio-arribant-a-400-municipis-a-andalusia\/#primaryimage","url":"https:\/\/fundacion-ecotic.es\/wp-content\/uploads\/2024\/05\/2024_02_DONA-VIDA-AL-PLANETA-0644.jpg","contentUrl":"https:\/\/fundacion-ecotic.es\/wp-content\/uploads\/2024\/05\/2024_02_DONA-VIDA-AL-PLANETA-0644.jpg","width":700,"height":700},{"@type":"BreadcrumbList","@id":"https:\/\/fundacion-ecotic.es\/ca\/dona-vida-al-planeta-finalitza-la-quarta-edicio-arribant-a-400-municipis-a-andalusia\/#breadcrumb","itemListElement":[{"@type":"ListItem","position":1,"name":"Portada","item":"https:\/\/fundacion-ecotic.es\/ca\/"},{"@type":"ListItem","position":2,"name":"Dona Vida al Planeta finalitza la quarta edici\u00f3, arribant a 400 municipis a Andalusia"}]},{"@type":"WebSite","@id":"https:\/\/fundacion-ecotic.es\/ca\/#website","url":"https:\/\/fundacion-ecotic.es\/ca\/","name":"Ecotic","description":"Ecotic","publisher":{"@id":"https:\/\/fundacion-ecotic.es\/ca\/#organization"},"potentialAction":[{"@type":"SearchAction","target":{"@type":"EntryPoint","urlTemplate":"https:\/\/fundacion-ecotic.es\/ca\/?s={search_term_string}"},"query-input":{"@type":"PropertyValueSpecification","valueRequired":true,"valueName":"search_term_string"}}],"inLanguage":"ca"},{"@type":"Organization","@id":"https:\/\/fundacion-ecotic.es\/ca\/#organization","name":"Ecotic","url":"https:\/\/fundacion-ecotic.es\/ca\/","logo":{"@type":"ImageObject","inLanguage":"ca","@id":"https:\/\/fundacion-ecotic.es\/ca\/#\/schema\/logo\/image\/","url":"https:\/\/fundacion-ecotic.es\/wp-content\/uploads\/2024\/04\/logo-ecotic-fundacion.png","contentUrl":"https:\/\/fundacion-ecotic.es\/wp-content\/uploads\/2024\/04\/logo-ecotic-fundacion.png","width":102,"height":39,"caption":"Ecotic"},"image":{"@id":"https:\/\/fundacion-ecotic.es\/ca\/#\/schema\/logo\/image\/"}},{"@type":"Person","@id":"https:\/\/fundacion-ecotic.es\/ca\/#\/schema\/person\/26cbca14cb00875347afc6ae577a401b","name":"Fernando","image":{"@type":"ImageObject","inLanguage":"ca","@id":"https:\/\/secure.gravatar.com\/avatar\/8be3d5cfc9f2376d436025eea87be5a2fbd622ef9ebbbd62bd6fa812b9696f06?s=96&d=mm&r=g","url":"https:\/\/secure.gravatar.com\/avatar\/8be3d5cfc9f2376d436025eea87be5a2fbd622ef9ebbbd62bd6fa812b9696f06?s=96&d=mm&r=g","contentUrl":"https:\/\/secure.gravatar.com\/avatar\/8be3d5cfc9f2376d436025eea87be5a2fbd622ef9ebbbd62bd6fa812b9696f06?s=96&d=mm&r=g","caption":"Fernando"},"url":"https:\/\/fundacion-ecotic.es\/ca\/author\/fernando\/"}]}},"_links":{"self":[{"href":"https:\/\/fundacion-ecotic.es\/ca\/wp-json\/wp\/v2\/posts\/4453","targetHints":{"allow":["GET"]}}],"collection":[{"href":"https:\/\/fundacion-ecotic.es\/ca\/wp-json\/wp\/v2\/posts"}],"about":[{"href":"https:\/\/fundacion-ecotic.es\/ca\/wp-json\/wp\/v2\/types\/post"}],"author":[{"embeddable":true,"href":"https:\/\/fundacion-ecotic.es\/ca\/wp-json\/wp\/v2\/users\/2"}],"replies":[{"embeddable":true,"href":"https:\/\/fundacion-ecotic.es\/ca\/wp-json\/wp\/v2\/comments?post=4453"}],"version-history":[{"count":1,"href":"https:\/\/fundacion-ecotic.es\/ca\/wp-json\/wp\/v2\/posts\/4453\/revisions"}],"predecessor-version":[{"id":4455,"href":"https:\/\/fundacion-ecotic.es\/ca\/wp-json\/wp\/v2\/posts\/4453\/revisions\/4455"}],"wp:featuredmedia":[{"embeddable":true,"href":"https:\/\/fundacion-ecotic.es\/ca\/wp-json\/wp\/v2\/media\/4454"}],"wp:attachment":[{"href":"https:\/\/fundacion-ecotic.es\/ca\/wp-json\/wp\/v2\/media?parent=4453"}],"wp:term":[{"taxonomy":"category","embeddable":true,"href":"https:\/\/fundacion-ecotic.es\/ca\/wp-json\/wp\/v2\/categories?post=4453"},{"taxonomy":"post_tag","embeddable":true,"href":"https:\/\/fundacion-ecotic.es\/ca\/wp-json\/wp\/v2\/tags?post=4453"}],"curies":[{"name":"wp","href":"https:\/\/api.w.org\/{rel}","templated":true}]}}