{"id":6149,"date":"2024-09-18T09:15:35","date_gmt":"2024-09-18T09:15:35","guid":{"rendered":"https:\/\/fundacion-ecotic.es\/el-vi-congres-nacional-de-gestio-de-raee-es-celebrara-el-3-i-4-doctubre-a-cordova\/"},"modified":"2024-09-18T10:22:58","modified_gmt":"2024-09-18T10:22:58","slug":"el-vi-congres-nacional-de-gestio-de-raee-es-celebrara-el-3-i-4-doctubre-a-cordova","status":"publish","type":"post","link":"https:\/\/fundacion-ecotic.es\/ca\/el-vi-congres-nacional-de-gestio-de-raee-es-celebrara-el-3-i-4-doctubre-a-cordova\/","title":{"rendered":"El VI Congr\u00e9s Nacional de Gesti\u00f3 de RAEE es celebrar\u00e0 el 3 i 4 d&#8217;octubre a C\u00f2rdova"},"content":{"rendered":"\n<p>Ens alegra anunciar que el VI Congr\u00e9s Nacional de Gesti\u00f3 de Residus d&#8217;Aparells El\u00e8ctrics i Electr\u00f2nics (RAEE) se celebrar\u00e0 els propers 3 i 4 d&#8217;octubre al Centre d&#8217;Exposicions, Fires i Convencions de C\u00f2rdova (CEFC).<\/p>\n\n\n\n<p>Organitzat pels SCRAP d&#8217;OfiRaee (<a href=\"https:\/\/fundacion-ecotic.es\/ca\/\"><mark style=\"background-color:rgba(0, 0, 0, 0)\" class=\"has-inline-color has-vivid-cyan-blue-color\">ECOTIC<\/mark><\/a>, <a href=\"https:\/\/ambilamp.es\/\"><mark style=\"background-color:rgba(0, 0, 0, 0)\" class=\"has-inline-color has-vivid-cyan-blue-color\">AMBILAMP<\/mark><\/a>, <a href=\"https:\/\/www.tragamovil.es\/\"><mark style=\"background-color:rgba(0, 0, 0, 0)\" class=\"has-inline-color has-vivid-cyan-blue-color\">Ecoasimelec<\/mark><\/a>,   <a href=\"https:\/\/www.ecofimatica.es\/\"><mark style=\"background-color:rgba(0, 0, 0, 0)\" class=\"has-inline-color has-vivid-cyan-blue-color\">Ecofim\u00e1tica<\/mark><\/a>, <a href=\"https:\/\/ecolec.es\/\"><mark style=\"background-color:rgba(0, 0, 0, 0)\" class=\"has-inline-color has-vivid-cyan-blue-color\">Fundaci\u00f3n ECOLEC<\/mark><\/a>, <a href=\"https:\/\/www.ecolum.es\/\"><mark style=\"background-color:rgba(0, 0, 0, 0)\" class=\"has-inline-color has-vivid-cyan-blue-color\">Fundaci\u00f3n ECOLUM<\/mark><\/a>, <a href=\"https:\/\/www.eco-raee.com\/\"><mark style=\"background-color:rgba(0, 0, 0, 0)\" class=\"has-inline-color has-vivid-cyan-blue-color\">Fundaci\u00f3n Eco-Raee&#8217;s<\/mark><\/a> y <a href=\"https:\/\/erp-recycling.org\/es-es\/\"><mark style=\"background-color:rgba(0, 0, 0, 0)\" class=\"has-inline-color has-vivid-cyan-blue-color\">European Recycling Platform<\/mark><\/a>), aquest congr\u00e9s anual reunir\u00e0 a grans experts i professionals del sector per parlar de les \u00faltimes novetats en sostenibilitat, economia circular i responsabilitat compartida en la gesti\u00f3 de RAEE.<\/p>\n\n\n\n<p>\u00c9s una oportunitat \u00fanica per compartir idees, aprendre i col\u00b7laborar en la millora del sector. \u00a1Ens encantaria que hi fossis! <\/p>\n\n\n\n<p>Tota la informaci\u00f3 i el programa complet estan disponibles a la web oficial: <a href=\"https:\/\/congresonacionalraee.es\/\"><mark style=\"background-color:rgba(0, 0, 0, 0)\" class=\"has-inline-color has-vivid-cyan-blue-color\">https:\/\/congresonacionalraee.es\/<\/mark><\/a><\/p>\n\n\n\n<p><a href=\"https:\/\/congresonacionalraee.es\/inscripcion\/\"><mark style=\"background-color:rgba(0, 0, 0, 0)\" class=\"has-inline-color has-vivid-cyan-blue-color\">Inscriu-te ara!<\/mark><\/a><\/p>\n","protected":false},"excerpt":{"rendered":"<p>Ens alegra anunciar que el VI Congr\u00e9s Nacional de Gesti\u00f3 de Residus d&#8217;Aparells El\u00e8ctrics i Electr\u00f2nics (RAEE) se celebrar\u00e0 els propers 3 i 4 d&#8217;octubre al Centre d&#8217;Exposicions, Fires i Convencions de C\u00f2rdova (CEFC). Organitzat pels SCRAP d&#8217;OfiRaee (ECOTIC, AMBILAMP, Ecoasimelec, Ecofim\u00e1tica, Fundaci\u00f3n ECOLEC, Fundaci\u00f3n ECOLUM, Fundaci\u00f3n Eco-Raee&#8217;s y European Recycling Platform), aquest congr\u00e9s anual [&hellip;]<\/p>\n","protected":false},"author":3,"featured_media":6143,"comment_status":"closed","ping_status":"closed","sticky":false,"template":"","format":"standard","meta":{"footnotes":""},"categories":[2],"tags":[],"class_list":["post-6149","post","type-post","status-publish","format-standard","has-post-thumbnail","hentry","category-uncategorized-ca"],"yoast_head":"<!-- This site is optimized with the Yoast SEO plugin v27.5 - https:\/\/yoast.com\/product\/yoast-seo-wordpress\/ -->\n<title>El VI Congr\u00e9s Nacional de Gesti\u00f3 de RAEE es celebrar\u00e0 el 3 i 4 d&#039;octubre a C\u00f2rdova - Ecotic<\/title>\n<meta name=\"robots\" content=\"index, follow, max-snippet:-1, max-image-preview:large, max-video-preview:-1\" \/>\n<link rel=\"canonical\" href=\"https:\/\/fundacion-ecotic.es\/ca\/el-vi-congres-nacional-de-gestio-de-raee-es-celebrara-el-3-i-4-doctubre-a-cordova\/\" \/>\n<meta property=\"og:locale\" content=\"ca_ES\" \/>\n<meta property=\"og:type\" content=\"article\" \/>\n<meta property=\"og:title\" content=\"El VI Congr\u00e9s Nacional de Gesti\u00f3 de RAEE es celebrar\u00e0 el 3 i 4 d&#039;octubre a C\u00f2rdova - Ecotic\" \/>\n<meta property=\"og:description\" content=\"Ens alegra anunciar que el VI Congr\u00e9s Nacional de Gesti\u00f3 de Residus d&#8217;Aparells El\u00e8ctrics i Electr\u00f2nics (RAEE) se celebrar\u00e0 els propers 3 i 4 d&#8217;octubre al Centre d&#8217;Exposicions, Fires i Convencions de C\u00f2rdova (CEFC). Organitzat pels SCRAP d&#8217;OfiRaee (ECOTIC, AMBILAMP, Ecoasimelec, Ecofim\u00e1tica, Fundaci\u00f3n ECOLEC, Fundaci\u00f3n ECOLUM, Fundaci\u00f3n Eco-Raee&#8217;s y European Recycling Platform), aquest congr\u00e9s anual [&hellip;]\" \/>\n<meta property=\"og:url\" content=\"https:\/\/fundacion-ecotic.es\/ca\/el-vi-congres-nacional-de-gestio-de-raee-es-celebrara-el-3-i-4-doctubre-a-cordova\/\" \/>\n<meta property=\"og:site_name\" content=\"Ecotic\" \/>\n<meta property=\"article:published_time\" content=\"2024-09-18T09:15:35+00:00\" \/>\n<meta property=\"article:modified_time\" content=\"2024-09-18T10:22:58+00:00\" \/>\n<meta property=\"og:image\" content=\"https:\/\/fundacion-ecotic.es\/wp-content\/uploads\/2024\/09\/7C1A6511-1.jpeg\" \/>\n\t<meta property=\"og:image:width\" content=\"1680\" \/>\n\t<meta property=\"og:image:height\" content=\"1120\" \/>\n\t<meta property=\"og:image:type\" content=\"image\/jpeg\" \/>\n<meta name=\"author\" content=\"Lara Mar\u00edn\" \/>\n<meta name=\"twitter:card\" content=\"summary_large_image\" \/>\n<meta name=\"twitter:label1\" content=\"Escrit per\" \/>\n\t<meta name=\"twitter:data1\" content=\"Lara Mar\u00edn\" \/>\n\t<meta name=\"twitter:label2\" content=\"Temps estimat de lectura\" \/>\n\t<meta name=\"twitter:data2\" content=\"1 minut\" \/>\n<script type=\"application\/ld+json\" class=\"yoast-schema-graph\">{\"@context\":\"https:\\\/\\\/schema.org\",\"@graph\":[{\"@type\":\"Article\",\"@id\":\"https:\\\/\\\/fundacion-ecotic.es\\\/ca\\\/el-vi-congres-nacional-de-gestio-de-raee-es-celebrara-el-3-i-4-doctubre-a-cordova\\\/#article\",\"isPartOf\":{\"@id\":\"https:\\\/\\\/fundacion-ecotic.es\\\/ca\\\/el-vi-congres-nacional-de-gestio-de-raee-es-celebrara-el-3-i-4-doctubre-a-cordova\\\/\"},\"author\":{\"name\":\"Lara Mar\u00edn\",\"@id\":\"https:\\\/\\\/fundacion-ecotic.es\\\/ca\\\/#\\\/schema\\\/person\\\/e2e3d498bdcc10cfd12f3bfafb9acd3e\"},\"headline\":\"El VI Congr\u00e9s Nacional de Gesti\u00f3 de RAEE es celebrar\u00e0 el 3 i 4 d&#8217;octubre a C\u00f2rdova\",\"datePublished\":\"2024-09-18T09:15:35+00:00\",\"dateModified\":\"2024-09-18T10:22:58+00:00\",\"mainEntityOfPage\":{\"@id\":\"https:\\\/\\\/fundacion-ecotic.es\\\/ca\\\/el-vi-congres-nacional-de-gestio-de-raee-es-celebrara-el-3-i-4-doctubre-a-cordova\\\/\"},\"wordCount\":150,\"publisher\":{\"@id\":\"https:\\\/\\\/fundacion-ecotic.es\\\/ca\\\/#organization\"},\"image\":{\"@id\":\"https:\\\/\\\/fundacion-ecotic.es\\\/ca\\\/el-vi-congres-nacional-de-gestio-de-raee-es-celebrara-el-3-i-4-doctubre-a-cordova\\\/#primaryimage\"},\"thumbnailUrl\":\"https:\\\/\\\/fundacion-ecotic.es\\\/wp-content\\\/uploads\\\/2024\\\/09\\\/7C1A6511-1.jpeg\",\"articleSection\":[\"Uncategorized @ca\"],\"inLanguage\":\"ca\"},{\"@type\":\"WebPage\",\"@id\":\"https:\\\/\\\/fundacion-ecotic.es\\\/ca\\\/el-vi-congres-nacional-de-gestio-de-raee-es-celebrara-el-3-i-4-doctubre-a-cordova\\\/\",\"url\":\"https:\\\/\\\/fundacion-ecotic.es\\\/ca\\\/el-vi-congres-nacional-de-gestio-de-raee-es-celebrara-el-3-i-4-doctubre-a-cordova\\\/\",\"name\":\"El VI Congr\u00e9s Nacional de Gesti\u00f3 de RAEE es celebrar\u00e0 el 3 i 4 d'octubre a C\u00f2rdova - Ecotic\",\"isPartOf\":{\"@id\":\"https:\\\/\\\/fundacion-ecotic.es\\\/ca\\\/#website\"},\"primaryImageOfPage\":{\"@id\":\"https:\\\/\\\/fundacion-ecotic.es\\\/ca\\\/el-vi-congres-nacional-de-gestio-de-raee-es-celebrara-el-3-i-4-doctubre-a-cordova\\\/#primaryimage\"},\"image\":{\"@id\":\"https:\\\/\\\/fundacion-ecotic.es\\\/ca\\\/el-vi-congres-nacional-de-gestio-de-raee-es-celebrara-el-3-i-4-doctubre-a-cordova\\\/#primaryimage\"},\"thumbnailUrl\":\"https:\\\/\\\/fundacion-ecotic.es\\\/wp-content\\\/uploads\\\/2024\\\/09\\\/7C1A6511-1.jpeg\",\"datePublished\":\"2024-09-18T09:15:35+00:00\",\"dateModified\":\"2024-09-18T10:22:58+00:00\",\"breadcrumb\":{\"@id\":\"https:\\\/\\\/fundacion-ecotic.es\\\/ca\\\/el-vi-congres-nacional-de-gestio-de-raee-es-celebrara-el-3-i-4-doctubre-a-cordova\\\/#breadcrumb\"},\"inLanguage\":\"ca\",\"potentialAction\":[{\"@type\":\"ReadAction\",\"target\":[\"https:\\\/\\\/fundacion-ecotic.es\\\/ca\\\/el-vi-congres-nacional-de-gestio-de-raee-es-celebrara-el-3-i-4-doctubre-a-cordova\\\/\"]}]},{\"@type\":\"ImageObject\",\"inLanguage\":\"ca\",\"@id\":\"https:\\\/\\\/fundacion-ecotic.es\\\/ca\\\/el-vi-congres-nacional-de-gestio-de-raee-es-celebrara-el-3-i-4-doctubre-a-cordova\\\/#primaryimage\",\"url\":\"https:\\\/\\\/fundacion-ecotic.es\\\/wp-content\\\/uploads\\\/2024\\\/09\\\/7C1A6511-1.jpeg\",\"contentUrl\":\"https:\\\/\\\/fundacion-ecotic.es\\\/wp-content\\\/uploads\\\/2024\\\/09\\\/7C1A6511-1.jpeg\",\"width\":1680,\"height\":1120},{\"@type\":\"BreadcrumbList\",\"@id\":\"https:\\\/\\\/fundacion-ecotic.es\\\/ca\\\/el-vi-congres-nacional-de-gestio-de-raee-es-celebrara-el-3-i-4-doctubre-a-cordova\\\/#breadcrumb\",\"itemListElement\":[{\"@type\":\"ListItem\",\"position\":1,\"name\":\"Portada\",\"item\":\"https:\\\/\\\/fundacion-ecotic.es\\\/ca\\\/\"},{\"@type\":\"ListItem\",\"position\":2,\"name\":\"El VI Congr\u00e9s Nacional de Gesti\u00f3 de RAEE es celebrar\u00e0 el 3 i 4 d&#8217;octubre a C\u00f2rdova\"}]},{\"@type\":\"WebSite\",\"@id\":\"https:\\\/\\\/fundacion-ecotic.es\\\/ca\\\/#website\",\"url\":\"https:\\\/\\\/fundacion-ecotic.es\\\/ca\\\/\",\"name\":\"Ecotic\",\"description\":\"Ecotic\",\"publisher\":{\"@id\":\"https:\\\/\\\/fundacion-ecotic.es\\\/ca\\\/#organization\"},\"potentialAction\":[{\"@type\":\"SearchAction\",\"target\":{\"@type\":\"EntryPoint\",\"urlTemplate\":\"https:\\\/\\\/fundacion-ecotic.es\\\/ca\\\/?s={search_term_string}\"},\"query-input\":{\"@type\":\"PropertyValueSpecification\",\"valueRequired\":true,\"valueName\":\"search_term_string\"}}],\"inLanguage\":\"ca\"},{\"@type\":\"Organization\",\"@id\":\"https:\\\/\\\/fundacion-ecotic.es\\\/ca\\\/#organization\",\"name\":\"Ecotic\",\"url\":\"https:\\\/\\\/fundacion-ecotic.es\\\/ca\\\/\",\"logo\":{\"@type\":\"ImageObject\",\"inLanguage\":\"ca\",\"@id\":\"https:\\\/\\\/fundacion-ecotic.es\\\/ca\\\/#\\\/schema\\\/logo\\\/image\\\/\",\"url\":\"https:\\\/\\\/fundacion-ecotic.es\\\/wp-content\\\/uploads\\\/2024\\\/04\\\/logo-ecotic-fundacion.png\",\"contentUrl\":\"https:\\\/\\\/fundacion-ecotic.es\\\/wp-content\\\/uploads\\\/2024\\\/04\\\/logo-ecotic-fundacion.png\",\"width\":102,\"height\":39,\"caption\":\"Ecotic\"},\"image\":{\"@id\":\"https:\\\/\\\/fundacion-ecotic.es\\\/ca\\\/#\\\/schema\\\/logo\\\/image\\\/\"}},{\"@type\":\"Person\",\"@id\":\"https:\\\/\\\/fundacion-ecotic.es\\\/ca\\\/#\\\/schema\\\/person\\\/e2e3d498bdcc10cfd12f3bfafb9acd3e\",\"name\":\"Lara Mar\u00edn\",\"image\":{\"@type\":\"ImageObject\",\"inLanguage\":\"ca\",\"@id\":\"https:\\\/\\\/secure.gravatar.com\\\/avatar\\\/e5d21ae4c61482c4860334cc772d5bba135921d9ad05f385facae35789843b74?s=96&d=mm&r=g\",\"url\":\"https:\\\/\\\/secure.gravatar.com\\\/avatar\\\/e5d21ae4c61482c4860334cc772d5bba135921d9ad05f385facae35789843b74?s=96&d=mm&r=g\",\"contentUrl\":\"https:\\\/\\\/secure.gravatar.com\\\/avatar\\\/e5d21ae4c61482c4860334cc772d5bba135921d9ad05f385facae35789843b74?s=96&d=mm&r=g\",\"caption\":\"Lara Mar\u00edn\"},\"url\":\"https:\\\/\\\/fundacion-ecotic.es\\\/ca\\\/author\\\/lara\\\/\"}]}<\/script>\n<!-- \/ Yoast SEO plugin. -->","yoast_head_json":{"title":"El VI Congr\u00e9s Nacional de Gesti\u00f3 de RAEE es celebrar\u00e0 el 3 i 4 d'octubre a C\u00f2rdova - Ecotic","robots":{"index":"index","follow":"follow","max-snippet":"max-snippet:-1","max-image-preview":"max-image-preview:large","max-video-preview":"max-video-preview:-1"},"canonical":"https:\/\/fundacion-ecotic.es\/ca\/el-vi-congres-nacional-de-gestio-de-raee-es-celebrara-el-3-i-4-doctubre-a-cordova\/","og_locale":"ca_ES","og_type":"article","og_title":"El VI Congr\u00e9s Nacional de Gesti\u00f3 de RAEE es celebrar\u00e0 el 3 i 4 d'octubre a C\u00f2rdova - Ecotic","og_description":"Ens alegra anunciar que el VI Congr\u00e9s Nacional de Gesti\u00f3 de Residus d&#8217;Aparells El\u00e8ctrics i Electr\u00f2nics (RAEE) se celebrar\u00e0 els propers 3 i 4 d&#8217;octubre al Centre d&#8217;Exposicions, Fires i Convencions de C\u00f2rdova (CEFC). Organitzat pels SCRAP d&#8217;OfiRaee (ECOTIC, AMBILAMP, Ecoasimelec, Ecofim\u00e1tica, Fundaci\u00f3n ECOLEC, Fundaci\u00f3n ECOLUM, Fundaci\u00f3n Eco-Raee&#8217;s y European Recycling Platform), aquest congr\u00e9s anual [&hellip;]","og_url":"https:\/\/fundacion-ecotic.es\/ca\/el-vi-congres-nacional-de-gestio-de-raee-es-celebrara-el-3-i-4-doctubre-a-cordova\/","og_site_name":"Ecotic","article_published_time":"2024-09-18T09:15:35+00:00","article_modified_time":"2024-09-18T10:22:58+00:00","og_image":[{"width":1680,"height":1120,"url":"https:\/\/fundacion-ecotic.es\/wp-content\/uploads\/2024\/09\/7C1A6511-1.jpeg","type":"image\/jpeg"}],"author":"Lara Mar\u00edn","twitter_card":"summary_large_image","twitter_misc":{"Escrit per":"Lara Mar\u00edn","Temps estimat de lectura":"1 minut"},"schema":{"@context":"https:\/\/schema.org","@graph":[{"@type":"Article","@id":"https:\/\/fundacion-ecotic.es\/ca\/el-vi-congres-nacional-de-gestio-de-raee-es-celebrara-el-3-i-4-doctubre-a-cordova\/#article","isPartOf":{"@id":"https:\/\/fundacion-ecotic.es\/ca\/el-vi-congres-nacional-de-gestio-de-raee-es-celebrara-el-3-i-4-doctubre-a-cordova\/"},"author":{"name":"Lara Mar\u00edn","@id":"https:\/\/fundacion-ecotic.es\/ca\/#\/schema\/person\/e2e3d498bdcc10cfd12f3bfafb9acd3e"},"headline":"El VI Congr\u00e9s Nacional de Gesti\u00f3 de RAEE es celebrar\u00e0 el 3 i 4 d&#8217;octubre a C\u00f2rdova","datePublished":"2024-09-18T09:15:35+00:00","dateModified":"2024-09-18T10:22:58+00:00","mainEntityOfPage":{"@id":"https:\/\/fundacion-ecotic.es\/ca\/el-vi-congres-nacional-de-gestio-de-raee-es-celebrara-el-3-i-4-doctubre-a-cordova\/"},"wordCount":150,"publisher":{"@id":"https:\/\/fundacion-ecotic.es\/ca\/#organization"},"image":{"@id":"https:\/\/fundacion-ecotic.es\/ca\/el-vi-congres-nacional-de-gestio-de-raee-es-celebrara-el-3-i-4-doctubre-a-cordova\/#primaryimage"},"thumbnailUrl":"https:\/\/fundacion-ecotic.es\/wp-content\/uploads\/2024\/09\/7C1A6511-1.jpeg","articleSection":["Uncategorized @ca"],"inLanguage":"ca"},{"@type":"WebPage","@id":"https:\/\/fundacion-ecotic.es\/ca\/el-vi-congres-nacional-de-gestio-de-raee-es-celebrara-el-3-i-4-doctubre-a-cordova\/","url":"https:\/\/fundacion-ecotic.es\/ca\/el-vi-congres-nacional-de-gestio-de-raee-es-celebrara-el-3-i-4-doctubre-a-cordova\/","name":"El VI Congr\u00e9s Nacional de Gesti\u00f3 de RAEE es celebrar\u00e0 el 3 i 4 d'octubre a C\u00f2rdova - Ecotic","isPartOf":{"@id":"https:\/\/fundacion-ecotic.es\/ca\/#website"},"primaryImageOfPage":{"@id":"https:\/\/fundacion-ecotic.es\/ca\/el-vi-congres-nacional-de-gestio-de-raee-es-celebrara-el-3-i-4-doctubre-a-cordova\/#primaryimage"},"image":{"@id":"https:\/\/fundacion-ecotic.es\/ca\/el-vi-congres-nacional-de-gestio-de-raee-es-celebrara-el-3-i-4-doctubre-a-cordova\/#primaryimage"},"thumbnailUrl":"https:\/\/fundacion-ecotic.es\/wp-content\/uploads\/2024\/09\/7C1A6511-1.jpeg","datePublished":"2024-09-18T09:15:35+00:00","dateModified":"2024-09-18T10:22:58+00:00","breadcrumb":{"@id":"https:\/\/fundacion-ecotic.es\/ca\/el-vi-congres-nacional-de-gestio-de-raee-es-celebrara-el-3-i-4-doctubre-a-cordova\/#breadcrumb"},"inLanguage":"ca","potentialAction":[{"@type":"ReadAction","target":["https:\/\/fundacion-ecotic.es\/ca\/el-vi-congres-nacional-de-gestio-de-raee-es-celebrara-el-3-i-4-doctubre-a-cordova\/"]}]},{"@type":"ImageObject","inLanguage":"ca","@id":"https:\/\/fundacion-ecotic.es\/ca\/el-vi-congres-nacional-de-gestio-de-raee-es-celebrara-el-3-i-4-doctubre-a-cordova\/#primaryimage","url":"https:\/\/fundacion-ecotic.es\/wp-content\/uploads\/2024\/09\/7C1A6511-1.jpeg","contentUrl":"https:\/\/fundacion-ecotic.es\/wp-content\/uploads\/2024\/09\/7C1A6511-1.jpeg","width":1680,"height":1120},{"@type":"BreadcrumbList","@id":"https:\/\/fundacion-ecotic.es\/ca\/el-vi-congres-nacional-de-gestio-de-raee-es-celebrara-el-3-i-4-doctubre-a-cordova\/#breadcrumb","itemListElement":[{"@type":"ListItem","position":1,"name":"Portada","item":"https:\/\/fundacion-ecotic.es\/ca\/"},{"@type":"ListItem","position":2,"name":"El VI Congr\u00e9s Nacional de Gesti\u00f3 de RAEE es celebrar\u00e0 el 3 i 4 d&#8217;octubre a C\u00f2rdova"}]},{"@type":"WebSite","@id":"https:\/\/fundacion-ecotic.es\/ca\/#website","url":"https:\/\/fundacion-ecotic.es\/ca\/","name":"Ecotic","description":"Ecotic","publisher":{"@id":"https:\/\/fundacion-ecotic.es\/ca\/#organization"},"potentialAction":[{"@type":"SearchAction","target":{"@type":"EntryPoint","urlTemplate":"https:\/\/fundacion-ecotic.es\/ca\/?s={search_term_string}"},"query-input":{"@type":"PropertyValueSpecification","valueRequired":true,"valueName":"search_term_string"}}],"inLanguage":"ca"},{"@type":"Organization","@id":"https:\/\/fundacion-ecotic.es\/ca\/#organization","name":"Ecotic","url":"https:\/\/fundacion-ecotic.es\/ca\/","logo":{"@type":"ImageObject","inLanguage":"ca","@id":"https:\/\/fundacion-ecotic.es\/ca\/#\/schema\/logo\/image\/","url":"https:\/\/fundacion-ecotic.es\/wp-content\/uploads\/2024\/04\/logo-ecotic-fundacion.png","contentUrl":"https:\/\/fundacion-ecotic.es\/wp-content\/uploads\/2024\/04\/logo-ecotic-fundacion.png","width":102,"height":39,"caption":"Ecotic"},"image":{"@id":"https:\/\/fundacion-ecotic.es\/ca\/#\/schema\/logo\/image\/"}},{"@type":"Person","@id":"https:\/\/fundacion-ecotic.es\/ca\/#\/schema\/person\/e2e3d498bdcc10cfd12f3bfafb9acd3e","name":"Lara Mar\u00edn","image":{"@type":"ImageObject","inLanguage":"ca","@id":"https:\/\/secure.gravatar.com\/avatar\/e5d21ae4c61482c4860334cc772d5bba135921d9ad05f385facae35789843b74?s=96&d=mm&r=g","url":"https:\/\/secure.gravatar.com\/avatar\/e5d21ae4c61482c4860334cc772d5bba135921d9ad05f385facae35789843b74?s=96&d=mm&r=g","contentUrl":"https:\/\/secure.gravatar.com\/avatar\/e5d21ae4c61482c4860334cc772d5bba135921d9ad05f385facae35789843b74?s=96&d=mm&r=g","caption":"Lara Mar\u00edn"},"url":"https:\/\/fundacion-ecotic.es\/ca\/author\/lara\/"}]}},"_links":{"self":[{"href":"https:\/\/fundacion-ecotic.es\/ca\/wp-json\/wp\/v2\/posts\/6149","targetHints":{"allow":["GET"]}}],"collection":[{"href":"https:\/\/fundacion-ecotic.es\/ca\/wp-json\/wp\/v2\/posts"}],"about":[{"href":"https:\/\/fundacion-ecotic.es\/ca\/wp-json\/wp\/v2\/types\/post"}],"author":[{"embeddable":true,"href":"https:\/\/fundacion-ecotic.es\/ca\/wp-json\/wp\/v2\/users\/3"}],"replies":[{"embeddable":true,"href":"https:\/\/fundacion-ecotic.es\/ca\/wp-json\/wp\/v2\/comments?post=6149"}],"version-history":[{"count":4,"href":"https:\/\/fundacion-ecotic.es\/ca\/wp-json\/wp\/v2\/posts\/6149\/revisions"}],"predecessor-version":[{"id":6154,"href":"https:\/\/fundacion-ecotic.es\/ca\/wp-json\/wp\/v2\/posts\/6149\/revisions\/6154"}],"wp:featuredmedia":[{"embeddable":true,"href":"https:\/\/fundacion-ecotic.es\/ca\/wp-json\/wp\/v2\/media\/6143"}],"wp:attachment":[{"href":"https:\/\/fundacion-ecotic.es\/ca\/wp-json\/wp\/v2\/media?parent=6149"}],"wp:term":[{"taxonomy":"category","embeddable":true,"href":"https:\/\/fundacion-ecotic.es\/ca\/wp-json\/wp\/v2\/categories?post=6149"},{"taxonomy":"post_tag","embeddable":true,"href":"https:\/\/fundacion-ecotic.es\/ca\/wp-json\/wp\/v2\/tags?post=6149"}],"curies":[{"name":"wp","href":"https:\/\/api.w.org\/{rel}","templated":true}]}}