{"id":6750,"date":"2025-11-07T08:27:36","date_gmt":"2025-11-07T08:27:36","guid":{"rendered":"https:\/\/fundacion-ecotic.es\/reconeixent-el-compromis-collectiu-vi-edicio-dels-premis-raeeimplicate\/"},"modified":"2025-11-07T08:48:15","modified_gmt":"2025-11-07T08:48:15","slug":"reconeixent-el-compromis-collectiu-vi-edicio-dels-premis-raeeimplicate","status":"publish","type":"post","link":"https:\/\/fundacion-ecotic.es\/ca\/reconeixent-el-compromis-collectiu-vi-edicio-dels-premis-raeeimplicate\/","title":{"rendered":"Reconeixent el comprom\u00eds col\u00b7lectiu: VI edici\u00f3 dels Premis RAEEimpl\u00edcate"},"content":{"rendered":"\n<p>El nostre Director General, <strong>Andreu Vil\u00e0<\/strong>, va realitzar l&#8217;obertura de la <strong>VI edici\u00f3 dels Premis RAEEimpl\u00edcate<\/strong>, celebrada a Sevilla i organitzada per <strong>FAEL (Federaci\u00f3n Andaluza de Electrodom\u00e9sticos y Otros Equipamientos del Hogar)<\/strong>, amb el suport de <strong>RAEE Andaluc\u00eda<\/strong>, la <strong>Consejer\u00eda de Sostenibilidad, Medio Ambiente y Econom\u00eda Azul<\/strong>, la <strong>FAMP<\/strong> i els <strong>SCRAPs<\/strong> que formen part del conveni andal\u00fas.<\/p>\n\n<p>Durant la seva intervenci\u00f3, Vil\u00e0 va destacar el valor d\u2019aquests guardons com a reconeixement al comprom\u00eds del comer\u00e7 andal\u00fas amb la gesti\u00f3 responsable dels residus d\u2019aparells el\u00e8ctrics i electr\u00f2nics (RAEE), i va subratllar l\u2019\u00e8xit del conveni multi-SCRAPs amb FAEL, vigent des de fa m\u00e9s de dotze anys:<\/p>\n\n<blockquote class=\"wp-block-quote is-layout-flow wp-block-quote-is-layout-flow\">\n<p><em>\u201cAquest acord demostra que la cooperaci\u00f3 \u2014fins i tot entre competidors\u2014 \u00e9s possible quan l\u2019objectiu com\u00fa \u00e9s protegir el medi ambient i millorar la sostenibilitat del sector. Cooperar multiplica els resultats.\u201d<\/em><\/p>\n<\/blockquote>\n\n<p>El Director General d\u2019ECOTIC tamb\u00e9 va posar en valor el concepte de <strong>\u201ccoopetition\u201d<\/strong>, una combinaci\u00f3 entre cooperaci\u00f3 i compet\u00e8ncia que defineix l\u2019esperit del conveni:<\/p>\n\n<blockquote class=\"wp-block-quote is-layout-flow wp-block-quote-is-layout-flow\">\n<p><em>\u201cCompetim al mercat, per\u00f2 col\u00b7laborem en la sostenibilitat. La gesti\u00f3 dels residus no ent\u00e9n de marques ni de quotes: \u00e9s una responsabilitat compartida que nom\u00e9s es pot afrontar treballant junts.\u201d<\/em><\/p>\n<\/blockquote>\n\n<p>En el seu discurs, Vil\u00e0 va repassar les fites assolides \u2014m\u00e9s de <strong>80.000 tonelades de RAEE gestionades<\/strong> correctament a Andalusia\u2014 i va animar a seguir avan\u00e7ant en la <strong>simplificaci\u00f3 administrativa, digitalitzaci\u00f3, la lluita contra la compet\u00e8ncia deslleial<\/strong> en el refor\u00e7 de la <strong>col\u00b7laboraci\u00f3 p\u00fablico-privada<\/strong>.<\/p>\n\n<p>L\u2019esdeveniment va reunir representants institucionals, empreses, gestors i entitats del sector ambiental, en una jornada que va celebrar l\u2019esfor\u00e7 col\u00b7lectiu per impulsar l\u2019economia circular i la sostenibilitat a Andalusia.<\/p>\n\n<figure class=\"wp-block-gallery has-nested-images columns-default is-cropped wp-block-gallery-1 is-layout-flex wp-block-gallery-is-layout-flex\">\n<figure class=\"wp-block-image size-large\"><img fetchpriority=\"high\" decoding=\"async\" width=\"1030\" height=\"687\" data-id=\"6739\" src=\"https:\/\/fundacion-ecotic.es\/wp-content\/uploads\/2025\/11\/Andreu-Vila-3-2-1030x687.jpg\" alt=\"\" class=\"wp-image-6739\" srcset=\"https:\/\/fundacion-ecotic.es\/wp-content\/uploads\/2025\/11\/Andreu-Vila-3-2-1030x687.jpg 1030w, https:\/\/fundacion-ecotic.es\/wp-content\/uploads\/2025\/11\/Andreu-Vila-3-2-300x200.jpg 300w, https:\/\/fundacion-ecotic.es\/wp-content\/uploads\/2025\/11\/Andreu-Vila-3-2-768x512.jpg 768w, https:\/\/fundacion-ecotic.es\/wp-content\/uploads\/2025\/11\/Andreu-Vila-3-2.jpg 1440w\" sizes=\"(max-width: 1030px) 100vw, 1030px\" \/><\/figure>\n\n\n\n<figure class=\"wp-block-image size-large\"><img decoding=\"async\" width=\"687\" height=\"1030\" data-id=\"6731\" src=\"https:\/\/fundacion-ecotic.es\/wp-content\/uploads\/2025\/11\/Andreu-Vila-9-687x1030.jpg\" alt=\"\" class=\"wp-image-6731\" srcset=\"https:\/\/fundacion-ecotic.es\/wp-content\/uploads\/2025\/11\/Andreu-Vila-9-687x1030.jpg 687w, https:\/\/fundacion-ecotic.es\/wp-content\/uploads\/2025\/11\/Andreu-Vila-9-200x300.jpg 200w, https:\/\/fundacion-ecotic.es\/wp-content\/uploads\/2025\/11\/Andreu-Vila-9-768x1152.jpg 768w, https:\/\/fundacion-ecotic.es\/wp-content\/uploads\/2025\/11\/Andreu-Vila-9.jpg 800w\" sizes=\"(max-width: 687px) 100vw, 687px\" \/><\/figure>\n\n\n\n<figure class=\"wp-block-image size-large\"><img decoding=\"async\" width=\"1030\" height=\"687\" data-id=\"6734\" src=\"https:\/\/fundacion-ecotic.es\/wp-content\/uploads\/2025\/11\/Andreu-Vila-12-1030x687.jpg\" alt=\"\" class=\"wp-image-6734\" srcset=\"https:\/\/fundacion-ecotic.es\/wp-content\/uploads\/2025\/11\/Andreu-Vila-12-1030x687.jpg 1030w, https:\/\/fundacion-ecotic.es\/wp-content\/uploads\/2025\/11\/Andreu-Vila-12-300x200.jpg 300w, https:\/\/fundacion-ecotic.es\/wp-content\/uploads\/2025\/11\/Andreu-Vila-12-768x512.jpg 768w, https:\/\/fundacion-ecotic.es\/wp-content\/uploads\/2025\/11\/Andreu-Vila-12.jpg 1200w\" sizes=\"(max-width: 1030px) 100vw, 1030px\" \/><\/figure>\n\n\n\n<figure class=\"wp-block-image size-large\"><img loading=\"lazy\" decoding=\"async\" width=\"1030\" height=\"649\" data-id=\"6743\" src=\"https:\/\/fundacion-ecotic.es\/wp-content\/uploads\/2025\/11\/1761912780499-1030x649.jpg\" alt=\"\" class=\"wp-image-6743\" srcset=\"https:\/\/fundacion-ecotic.es\/wp-content\/uploads\/2025\/11\/1761912780499-1030x649.jpg 1030w, https:\/\/fundacion-ecotic.es\/wp-content\/uploads\/2025\/11\/1761912780499-300x189.jpg 300w, https:\/\/fundacion-ecotic.es\/wp-content\/uploads\/2025\/11\/1761912780499-768x484.jpg 768w, https:\/\/fundacion-ecotic.es\/wp-content\/uploads\/2025\/11\/1761912780499-1536x968.jpg 1536w, https:\/\/fundacion-ecotic.es\/wp-content\/uploads\/2025\/11\/1761912780499.jpg 2048w\" sizes=\"(max-width: 1030px) 100vw, 1030px\" \/><\/figure>\n<\/figure>\n","protected":false},"excerpt":{"rendered":"<p>El nostre Director General, Andreu Vil\u00e0, va realitzar l&#8217;obertura de la VI edici\u00f3 dels Premis RAEEimpl\u00edcate, celebrada a Sevilla i organitzada per FAEL (Federaci\u00f3n Andaluza de Electrodom\u00e9sticos y Otros Equipamientos del Hogar), amb el suport de RAEE Andaluc\u00eda, la Consejer\u00eda de Sostenibilidad, Medio Ambiente y Econom\u00eda Azul, la FAMP i els SCRAPs que formen part [&hellip;]<\/p>\n","protected":false},"author":3,"featured_media":6723,"comment_status":"closed","ping_status":"closed","sticky":false,"template":"","format":"standard","meta":{"footnotes":""},"categories":[2],"tags":[],"class_list":["post-6750","post","type-post","status-publish","format-standard","has-post-thumbnail","hentry","category-uncategorized-ca"],"yoast_head":"<!-- This site is optimized with the Yoast SEO plugin v27.4 - https:\/\/yoast.com\/product\/yoast-seo-wordpress\/ -->\n<title>Reconeixent el comprom\u00eds col\u00b7lectiu: VI edici\u00f3 dels Premis RAEEimpl\u00edcate - Ecotic<\/title>\n<meta name=\"robots\" content=\"index, follow, max-snippet:-1, max-image-preview:large, max-video-preview:-1\" \/>\n<link rel=\"canonical\" href=\"https:\/\/fundacion-ecotic.es\/ca\/reconeixent-el-compromis-collectiu-vi-edicio-dels-premis-raeeimplicate\/\" \/>\n<meta property=\"og:locale\" content=\"ca_ES\" \/>\n<meta property=\"og:type\" content=\"article\" \/>\n<meta property=\"og:title\" content=\"Reconeixent el comprom\u00eds col\u00b7lectiu: VI edici\u00f3 dels Premis RAEEimpl\u00edcate - Ecotic\" \/>\n<meta property=\"og:description\" content=\"El nostre Director General, Andreu Vil\u00e0, va realitzar l&#8217;obertura de la VI edici\u00f3 dels Premis RAEEimpl\u00edcate, celebrada a Sevilla i organitzada per FAEL (Federaci\u00f3n Andaluza de Electrodom\u00e9sticos y Otros Equipamientos del Hogar), amb el suport de RAEE Andaluc\u00eda, la Consejer\u00eda de Sostenibilidad, Medio Ambiente y Econom\u00eda Azul, la FAMP i els SCRAPs que formen part [&hellip;]\" \/>\n<meta property=\"og:url\" content=\"https:\/\/fundacion-ecotic.es\/ca\/reconeixent-el-compromis-collectiu-vi-edicio-dels-premis-raeeimplicate\/\" \/>\n<meta property=\"og:site_name\" content=\"Ecotic\" \/>\n<meta property=\"article:published_time\" content=\"2025-11-07T08:27:36+00:00\" \/>\n<meta property=\"article:modified_time\" content=\"2025-11-07T08:48:15+00:00\" \/>\n<meta property=\"og:image\" content=\"https:\/\/fundacion-ecotic.es\/wp-content\/uploads\/2025\/11\/Andreu-Vila-6.jpg\" \/>\n\t<meta property=\"og:image:width\" content=\"1440\" \/>\n\t<meta property=\"og:image:height\" content=\"960\" \/>\n\t<meta property=\"og:image:type\" content=\"image\/jpeg\" \/>\n<meta name=\"author\" content=\"Lara Mar\u00edn\" \/>\n<meta name=\"twitter:card\" content=\"summary_large_image\" \/>\n<meta name=\"twitter:label1\" content=\"Escrit per\" \/>\n\t<meta name=\"twitter:data1\" content=\"Lara Mar\u00edn\" \/>\n\t<meta name=\"twitter:label2\" content=\"Temps estimat de lectura\" \/>\n\t<meta name=\"twitter:data2\" content=\"1 minut\" \/>\n<script type=\"application\/ld+json\" class=\"yoast-schema-graph\">{\"@context\":\"https:\\\/\\\/schema.org\",\"@graph\":[{\"@type\":\"Article\",\"@id\":\"https:\\\/\\\/fundacion-ecotic.es\\\/ca\\\/reconeixent-el-compromis-collectiu-vi-edicio-dels-premis-raeeimplicate\\\/#article\",\"isPartOf\":{\"@id\":\"https:\\\/\\\/fundacion-ecotic.es\\\/ca\\\/reconeixent-el-compromis-collectiu-vi-edicio-dels-premis-raeeimplicate\\\/\"},\"author\":{\"name\":\"Lara Mar\u00edn\",\"@id\":\"https:\\\/\\\/fundacion-ecotic.es\\\/ca\\\/#\\\/schema\\\/person\\\/e2e3d498bdcc10cfd12f3bfafb9acd3e\"},\"headline\":\"Reconeixent el comprom\u00eds col\u00b7lectiu: VI edici\u00f3 dels Premis RAEEimpl\u00edcate\",\"datePublished\":\"2025-11-07T08:27:36+00:00\",\"dateModified\":\"2025-11-07T08:48:15+00:00\",\"mainEntityOfPage\":{\"@id\":\"https:\\\/\\\/fundacion-ecotic.es\\\/ca\\\/reconeixent-el-compromis-collectiu-vi-edicio-dels-premis-raeeimplicate\\\/\"},\"wordCount\":306,\"publisher\":{\"@id\":\"https:\\\/\\\/fundacion-ecotic.es\\\/ca\\\/#organization\"},\"image\":{\"@id\":\"https:\\\/\\\/fundacion-ecotic.es\\\/ca\\\/reconeixent-el-compromis-collectiu-vi-edicio-dels-premis-raeeimplicate\\\/#primaryimage\"},\"thumbnailUrl\":\"https:\\\/\\\/fundacion-ecotic.es\\\/wp-content\\\/uploads\\\/2025\\\/11\\\/Andreu-Vila-6.jpg\",\"articleSection\":[\"Uncategorized @ca\"],\"inLanguage\":\"ca\"},{\"@type\":\"WebPage\",\"@id\":\"https:\\\/\\\/fundacion-ecotic.es\\\/ca\\\/reconeixent-el-compromis-collectiu-vi-edicio-dels-premis-raeeimplicate\\\/\",\"url\":\"https:\\\/\\\/fundacion-ecotic.es\\\/ca\\\/reconeixent-el-compromis-collectiu-vi-edicio-dels-premis-raeeimplicate\\\/\",\"name\":\"Reconeixent el comprom\u00eds col\u00b7lectiu: VI edici\u00f3 dels Premis RAEEimpl\u00edcate - Ecotic\",\"isPartOf\":{\"@id\":\"https:\\\/\\\/fundacion-ecotic.es\\\/ca\\\/#website\"},\"primaryImageOfPage\":{\"@id\":\"https:\\\/\\\/fundacion-ecotic.es\\\/ca\\\/reconeixent-el-compromis-collectiu-vi-edicio-dels-premis-raeeimplicate\\\/#primaryimage\"},\"image\":{\"@id\":\"https:\\\/\\\/fundacion-ecotic.es\\\/ca\\\/reconeixent-el-compromis-collectiu-vi-edicio-dels-premis-raeeimplicate\\\/#primaryimage\"},\"thumbnailUrl\":\"https:\\\/\\\/fundacion-ecotic.es\\\/wp-content\\\/uploads\\\/2025\\\/11\\\/Andreu-Vila-6.jpg\",\"datePublished\":\"2025-11-07T08:27:36+00:00\",\"dateModified\":\"2025-11-07T08:48:15+00:00\",\"breadcrumb\":{\"@id\":\"https:\\\/\\\/fundacion-ecotic.es\\\/ca\\\/reconeixent-el-compromis-collectiu-vi-edicio-dels-premis-raeeimplicate\\\/#breadcrumb\"},\"inLanguage\":\"ca\",\"potentialAction\":[{\"@type\":\"ReadAction\",\"target\":[\"https:\\\/\\\/fundacion-ecotic.es\\\/ca\\\/reconeixent-el-compromis-collectiu-vi-edicio-dels-premis-raeeimplicate\\\/\"]}]},{\"@type\":\"ImageObject\",\"inLanguage\":\"ca\",\"@id\":\"https:\\\/\\\/fundacion-ecotic.es\\\/ca\\\/reconeixent-el-compromis-collectiu-vi-edicio-dels-premis-raeeimplicate\\\/#primaryimage\",\"url\":\"https:\\\/\\\/fundacion-ecotic.es\\\/wp-content\\\/uploads\\\/2025\\\/11\\\/Andreu-Vila-6.jpg\",\"contentUrl\":\"https:\\\/\\\/fundacion-ecotic.es\\\/wp-content\\\/uploads\\\/2025\\\/11\\\/Andreu-Vila-6.jpg\",\"width\":1440,\"height\":960},{\"@type\":\"BreadcrumbList\",\"@id\":\"https:\\\/\\\/fundacion-ecotic.es\\\/ca\\\/reconeixent-el-compromis-collectiu-vi-edicio-dels-premis-raeeimplicate\\\/#breadcrumb\",\"itemListElement\":[{\"@type\":\"ListItem\",\"position\":1,\"name\":\"Portada\",\"item\":\"https:\\\/\\\/fundacion-ecotic.es\\\/ca\\\/\"},{\"@type\":\"ListItem\",\"position\":2,\"name\":\"Reconeixent el comprom\u00eds col\u00b7lectiu: VI edici\u00f3 dels Premis RAEEimpl\u00edcate\"}]},{\"@type\":\"WebSite\",\"@id\":\"https:\\\/\\\/fundacion-ecotic.es\\\/ca\\\/#website\",\"url\":\"https:\\\/\\\/fundacion-ecotic.es\\\/ca\\\/\",\"name\":\"Ecotic\",\"description\":\"Ecotic\",\"publisher\":{\"@id\":\"https:\\\/\\\/fundacion-ecotic.es\\\/ca\\\/#organization\"},\"potentialAction\":[{\"@type\":\"SearchAction\",\"target\":{\"@type\":\"EntryPoint\",\"urlTemplate\":\"https:\\\/\\\/fundacion-ecotic.es\\\/ca\\\/?s={search_term_string}\"},\"query-input\":{\"@type\":\"PropertyValueSpecification\",\"valueRequired\":true,\"valueName\":\"search_term_string\"}}],\"inLanguage\":\"ca\"},{\"@type\":\"Organization\",\"@id\":\"https:\\\/\\\/fundacion-ecotic.es\\\/ca\\\/#organization\",\"name\":\"Ecotic\",\"url\":\"https:\\\/\\\/fundacion-ecotic.es\\\/ca\\\/\",\"logo\":{\"@type\":\"ImageObject\",\"inLanguage\":\"ca\",\"@id\":\"https:\\\/\\\/fundacion-ecotic.es\\\/ca\\\/#\\\/schema\\\/logo\\\/image\\\/\",\"url\":\"https:\\\/\\\/fundacion-ecotic.es\\\/wp-content\\\/uploads\\\/2024\\\/04\\\/logo-ecotic-fundacion.png\",\"contentUrl\":\"https:\\\/\\\/fundacion-ecotic.es\\\/wp-content\\\/uploads\\\/2024\\\/04\\\/logo-ecotic-fundacion.png\",\"width\":102,\"height\":39,\"caption\":\"Ecotic\"},\"image\":{\"@id\":\"https:\\\/\\\/fundacion-ecotic.es\\\/ca\\\/#\\\/schema\\\/logo\\\/image\\\/\"}},{\"@type\":\"Person\",\"@id\":\"https:\\\/\\\/fundacion-ecotic.es\\\/ca\\\/#\\\/schema\\\/person\\\/e2e3d498bdcc10cfd12f3bfafb9acd3e\",\"name\":\"Lara Mar\u00edn\",\"image\":{\"@type\":\"ImageObject\",\"inLanguage\":\"ca\",\"@id\":\"https:\\\/\\\/secure.gravatar.com\\\/avatar\\\/e5d21ae4c61482c4860334cc772d5bba135921d9ad05f385facae35789843b74?s=96&d=mm&r=g\",\"url\":\"https:\\\/\\\/secure.gravatar.com\\\/avatar\\\/e5d21ae4c61482c4860334cc772d5bba135921d9ad05f385facae35789843b74?s=96&d=mm&r=g\",\"contentUrl\":\"https:\\\/\\\/secure.gravatar.com\\\/avatar\\\/e5d21ae4c61482c4860334cc772d5bba135921d9ad05f385facae35789843b74?s=96&d=mm&r=g\",\"caption\":\"Lara Mar\u00edn\"},\"url\":\"https:\\\/\\\/fundacion-ecotic.es\\\/ca\\\/author\\\/lara\\\/\"}]}<\/script>\n<!-- \/ Yoast SEO plugin. -->","yoast_head_json":{"title":"Reconeixent el comprom\u00eds col\u00b7lectiu: VI edici\u00f3 dels Premis RAEEimpl\u00edcate - Ecotic","robots":{"index":"index","follow":"follow","max-snippet":"max-snippet:-1","max-image-preview":"max-image-preview:large","max-video-preview":"max-video-preview:-1"},"canonical":"https:\/\/fundacion-ecotic.es\/ca\/reconeixent-el-compromis-collectiu-vi-edicio-dels-premis-raeeimplicate\/","og_locale":"ca_ES","og_type":"article","og_title":"Reconeixent el comprom\u00eds col\u00b7lectiu: VI edici\u00f3 dels Premis RAEEimpl\u00edcate - Ecotic","og_description":"El nostre Director General, Andreu Vil\u00e0, va realitzar l&#8217;obertura de la VI edici\u00f3 dels Premis RAEEimpl\u00edcate, celebrada a Sevilla i organitzada per FAEL (Federaci\u00f3n Andaluza de Electrodom\u00e9sticos y Otros Equipamientos del Hogar), amb el suport de RAEE Andaluc\u00eda, la Consejer\u00eda de Sostenibilidad, Medio Ambiente y Econom\u00eda Azul, la FAMP i els SCRAPs que formen part [&hellip;]","og_url":"https:\/\/fundacion-ecotic.es\/ca\/reconeixent-el-compromis-collectiu-vi-edicio-dels-premis-raeeimplicate\/","og_site_name":"Ecotic","article_published_time":"2025-11-07T08:27:36+00:00","article_modified_time":"2025-11-07T08:48:15+00:00","og_image":[{"width":1440,"height":960,"url":"https:\/\/fundacion-ecotic.es\/wp-content\/uploads\/2025\/11\/Andreu-Vila-6.jpg","type":"image\/jpeg"}],"author":"Lara Mar\u00edn","twitter_card":"summary_large_image","twitter_misc":{"Escrit per":"Lara Mar\u00edn","Temps estimat de lectura":"1 minut"},"schema":{"@context":"https:\/\/schema.org","@graph":[{"@type":"Article","@id":"https:\/\/fundacion-ecotic.es\/ca\/reconeixent-el-compromis-collectiu-vi-edicio-dels-premis-raeeimplicate\/#article","isPartOf":{"@id":"https:\/\/fundacion-ecotic.es\/ca\/reconeixent-el-compromis-collectiu-vi-edicio-dels-premis-raeeimplicate\/"},"author":{"name":"Lara Mar\u00edn","@id":"https:\/\/fundacion-ecotic.es\/ca\/#\/schema\/person\/e2e3d498bdcc10cfd12f3bfafb9acd3e"},"headline":"Reconeixent el comprom\u00eds col\u00b7lectiu: VI edici\u00f3 dels Premis RAEEimpl\u00edcate","datePublished":"2025-11-07T08:27:36+00:00","dateModified":"2025-11-07T08:48:15+00:00","mainEntityOfPage":{"@id":"https:\/\/fundacion-ecotic.es\/ca\/reconeixent-el-compromis-collectiu-vi-edicio-dels-premis-raeeimplicate\/"},"wordCount":306,"publisher":{"@id":"https:\/\/fundacion-ecotic.es\/ca\/#organization"},"image":{"@id":"https:\/\/fundacion-ecotic.es\/ca\/reconeixent-el-compromis-collectiu-vi-edicio-dels-premis-raeeimplicate\/#primaryimage"},"thumbnailUrl":"https:\/\/fundacion-ecotic.es\/wp-content\/uploads\/2025\/11\/Andreu-Vila-6.jpg","articleSection":["Uncategorized @ca"],"inLanguage":"ca"},{"@type":"WebPage","@id":"https:\/\/fundacion-ecotic.es\/ca\/reconeixent-el-compromis-collectiu-vi-edicio-dels-premis-raeeimplicate\/","url":"https:\/\/fundacion-ecotic.es\/ca\/reconeixent-el-compromis-collectiu-vi-edicio-dels-premis-raeeimplicate\/","name":"Reconeixent el comprom\u00eds col\u00b7lectiu: VI edici\u00f3 dels Premis RAEEimpl\u00edcate - Ecotic","isPartOf":{"@id":"https:\/\/fundacion-ecotic.es\/ca\/#website"},"primaryImageOfPage":{"@id":"https:\/\/fundacion-ecotic.es\/ca\/reconeixent-el-compromis-collectiu-vi-edicio-dels-premis-raeeimplicate\/#primaryimage"},"image":{"@id":"https:\/\/fundacion-ecotic.es\/ca\/reconeixent-el-compromis-collectiu-vi-edicio-dels-premis-raeeimplicate\/#primaryimage"},"thumbnailUrl":"https:\/\/fundacion-ecotic.es\/wp-content\/uploads\/2025\/11\/Andreu-Vila-6.jpg","datePublished":"2025-11-07T08:27:36+00:00","dateModified":"2025-11-07T08:48:15+00:00","breadcrumb":{"@id":"https:\/\/fundacion-ecotic.es\/ca\/reconeixent-el-compromis-collectiu-vi-edicio-dels-premis-raeeimplicate\/#breadcrumb"},"inLanguage":"ca","potentialAction":[{"@type":"ReadAction","target":["https:\/\/fundacion-ecotic.es\/ca\/reconeixent-el-compromis-collectiu-vi-edicio-dels-premis-raeeimplicate\/"]}]},{"@type":"ImageObject","inLanguage":"ca","@id":"https:\/\/fundacion-ecotic.es\/ca\/reconeixent-el-compromis-collectiu-vi-edicio-dels-premis-raeeimplicate\/#primaryimage","url":"https:\/\/fundacion-ecotic.es\/wp-content\/uploads\/2025\/11\/Andreu-Vila-6.jpg","contentUrl":"https:\/\/fundacion-ecotic.es\/wp-content\/uploads\/2025\/11\/Andreu-Vila-6.jpg","width":1440,"height":960},{"@type":"BreadcrumbList","@id":"https:\/\/fundacion-ecotic.es\/ca\/reconeixent-el-compromis-collectiu-vi-edicio-dels-premis-raeeimplicate\/#breadcrumb","itemListElement":[{"@type":"ListItem","position":1,"name":"Portada","item":"https:\/\/fundacion-ecotic.es\/ca\/"},{"@type":"ListItem","position":2,"name":"Reconeixent el comprom\u00eds col\u00b7lectiu: VI edici\u00f3 dels Premis RAEEimpl\u00edcate"}]},{"@type":"WebSite","@id":"https:\/\/fundacion-ecotic.es\/ca\/#website","url":"https:\/\/fundacion-ecotic.es\/ca\/","name":"Ecotic","description":"Ecotic","publisher":{"@id":"https:\/\/fundacion-ecotic.es\/ca\/#organization"},"potentialAction":[{"@type":"SearchAction","target":{"@type":"EntryPoint","urlTemplate":"https:\/\/fundacion-ecotic.es\/ca\/?s={search_term_string}"},"query-input":{"@type":"PropertyValueSpecification","valueRequired":true,"valueName":"search_term_string"}}],"inLanguage":"ca"},{"@type":"Organization","@id":"https:\/\/fundacion-ecotic.es\/ca\/#organization","name":"Ecotic","url":"https:\/\/fundacion-ecotic.es\/ca\/","logo":{"@type":"ImageObject","inLanguage":"ca","@id":"https:\/\/fundacion-ecotic.es\/ca\/#\/schema\/logo\/image\/","url":"https:\/\/fundacion-ecotic.es\/wp-content\/uploads\/2024\/04\/logo-ecotic-fundacion.png","contentUrl":"https:\/\/fundacion-ecotic.es\/wp-content\/uploads\/2024\/04\/logo-ecotic-fundacion.png","width":102,"height":39,"caption":"Ecotic"},"image":{"@id":"https:\/\/fundacion-ecotic.es\/ca\/#\/schema\/logo\/image\/"}},{"@type":"Person","@id":"https:\/\/fundacion-ecotic.es\/ca\/#\/schema\/person\/e2e3d498bdcc10cfd12f3bfafb9acd3e","name":"Lara Mar\u00edn","image":{"@type":"ImageObject","inLanguage":"ca","@id":"https:\/\/secure.gravatar.com\/avatar\/e5d21ae4c61482c4860334cc772d5bba135921d9ad05f385facae35789843b74?s=96&d=mm&r=g","url":"https:\/\/secure.gravatar.com\/avatar\/e5d21ae4c61482c4860334cc772d5bba135921d9ad05f385facae35789843b74?s=96&d=mm&r=g","contentUrl":"https:\/\/secure.gravatar.com\/avatar\/e5d21ae4c61482c4860334cc772d5bba135921d9ad05f385facae35789843b74?s=96&d=mm&r=g","caption":"Lara Mar\u00edn"},"url":"https:\/\/fundacion-ecotic.es\/ca\/author\/lara\/"}]}},"_links":{"self":[{"href":"https:\/\/fundacion-ecotic.es\/ca\/wp-json\/wp\/v2\/posts\/6750","targetHints":{"allow":["GET"]}}],"collection":[{"href":"https:\/\/fundacion-ecotic.es\/ca\/wp-json\/wp\/v2\/posts"}],"about":[{"href":"https:\/\/fundacion-ecotic.es\/ca\/wp-json\/wp\/v2\/types\/post"}],"author":[{"embeddable":true,"href":"https:\/\/fundacion-ecotic.es\/ca\/wp-json\/wp\/v2\/users\/3"}],"replies":[{"embeddable":true,"href":"https:\/\/fundacion-ecotic.es\/ca\/wp-json\/wp\/v2\/comments?post=6750"}],"version-history":[{"count":1,"href":"https:\/\/fundacion-ecotic.es\/ca\/wp-json\/wp\/v2\/posts\/6750\/revisions"}],"predecessor-version":[{"id":6751,"href":"https:\/\/fundacion-ecotic.es\/ca\/wp-json\/wp\/v2\/posts\/6750\/revisions\/6751"}],"wp:featuredmedia":[{"embeddable":true,"href":"https:\/\/fundacion-ecotic.es\/ca\/wp-json\/wp\/v2\/media\/6723"}],"wp:attachment":[{"href":"https:\/\/fundacion-ecotic.es\/ca\/wp-json\/wp\/v2\/media?parent=6750"}],"wp:term":[{"taxonomy":"category","embeddable":true,"href":"https:\/\/fundacion-ecotic.es\/ca\/wp-json\/wp\/v2\/categories?post=6750"},{"taxonomy":"post_tag","embeddable":true,"href":"https:\/\/fundacion-ecotic.es\/ca\/wp-json\/wp\/v2\/tags?post=6750"}],"curies":[{"name":"wp","href":"https:\/\/api.w.org\/{rel}","templated":true}]}}