{"id":6284,"date":"2024-12-17T11:21:54","date_gmt":"2024-12-17T11:21:54","guid":{"rendered":"https:\/\/fundacion-ecotic.es\/andreu-vila-appointed-as-the-new-president-of-ofiraee\/"},"modified":"2024-12-17T11:38:46","modified_gmt":"2024-12-17T11:38:46","slug":"andreu-vila-appointed-as-the-new-president-of-ofiraee","status":"publish","type":"post","link":"https:\/\/fundacion-ecotic.es\/en\/andreu-vila-appointed-as-the-new-president-of-ofiraee\/","title":{"rendered":"Andreu Vil\u00e0, appointed as the new president of OfiRaee."},"content":{"rendered":"\n<ul class=\"wp-block-list\">\n<li><strong>Andreu Vil\u00e0, Managing Director of Fundaci\u00f3n ECOTIC, elected as the rotating president of OfiRaee.<\/strong><\/li>\n\n\n\n<li><strong>Luis Moreno Jordana, Managing Director of Fundaci\u00f3n ECOLEC, was also appointed as the rotating vice president.<\/strong><\/li>\n\n\n\n<li><strong>The SCRAPs that make up OfiRaee are expected to close the 2024 financial year with more than 330,000 tons of WEEE managed in accordance with RD 110\/2015.<\/strong><\/li>\n<\/ul>\n\n<p><\/p>\n\n<p>In the latest meeting of the Coordination Office of the WEEE SCRAPs, our Managing Director, Andreu Vil\u00e0, was appointed as the rotating president of OfiRaee, the Coordination Office of the WEEE SCRAPs, a position he has previously held as vice president twice, from late 2017 to early 2020 and during the period from January 2023 to November of this year. In the same meeting, Luis Moreno Jordana, Managing Director of Fundaci\u00f3n ECOLEC, was also elected as the rotating vice president. <\/p>\n\n<p>Andreu Vil\u00e0 holds the position of Managing Director of ECOTIC, as well as the Chairman of the Supervisory Board of the company weee Europe AG, in which Fundaci\u00f3n Ecotic is a shareholder. He is also a member of the Board of the WEEE Forum organization, which currently brings together 51 extended producer responsibility (EPR) schemes worldwide. Previously, Andreu Vil\u00e0 was the President of the subsidiaries of the Swiss multinational CIBA in Spain, Italy, and Portugal.  <\/p>\n\n<p>The aforementioned appointments mark the end of Jos\u00e9 P\u00e9rez Garc\u00eda&#8217;s presidency, CEO of RECYCLIA, who served as President of OfiRaee for two terms. During his tenure, the EPR schemes grouped under OfiRaee managed over 700 million kilograms of WEEE. <\/p>\n\n<p>The current president of OfiRaee states that the challenges to be addressed include \u201cmaintaining and consolidating the excellent work carried out by previous presidents, as well as completing the process of negotiating agreements with the Autonomous Communities. In terms of regulation, the focus will be on tackling the challenges arising from the recent ministerial order that governs the electronic platform and the assignment office, with particular attention to the creation of this assignment office, which will replace, in many of its functions, the current OfiRaee.\u201d<\/p>\n\n<p>OfiRaee is structured with a plenary session in which all the AEE SCRAPs that are part of this coordination office are represented, and the main issues affecting OfiRaee&#8217;s activities are discussed. In addition, OfiRaee is made up of four sectorial working groups (GT OfiRaee, GT Communication, GT RII-AEE, and GT Regulatory Procedures), where detailed discussions are held on the issues impacting each specific group. <\/p>\n\n<p>In addition to the increase in quantities managed in recent years, as established by RD 110\/2015, the six editions of the National Congress on WEEE Management organized by OfiRaee stand out. This congress serves as a forum for discussing the latest developments in WEEE management and as a meeting point for the various stakeholders involved in the life cycle of electrical and electronic equipment: manufacturers, distributors, waste managers, and public administrations. The sixth edition of this congress was held in C\u00f3rdoba at the beginning of October and, as with previous editions, was a resounding success. <\/p>\n\n<p><\/p>\n","protected":false},"excerpt":{"rendered":"<p>In the latest meeting of the Coordination Office of the WEEE SCRAPs, our Managing Director, Andreu Vil\u00e0, was appointed as the rotating president of OfiRaee, the Coordination Office of the WEEE SCRAPs, a position he has previously held as vice president twice, from late 2017 to early 2020 and during the period from January 2023 [&hellip;]<\/p>\n","protected":false},"author":3,"featured_media":6278,"comment_status":"closed","ping_status":"closed","sticky":false,"template":"","format":"standard","meta":{"footnotes":""},"categories":[12],"tags":[],"class_list":["post-6284","post","type-post","status-publish","format-standard","has-post-thumbnail","hentry","category-uncategorized"],"yoast_head":"<!-- This site is optimized with the Yoast SEO plugin v27.4 - https:\/\/yoast.com\/product\/yoast-seo-wordpress\/ -->\n<title>Andreu Vil\u00e0, appointed as the new president of OfiRaee. - Ecotic<\/title>\n<meta name=\"robots\" content=\"index, follow, max-snippet:-1, max-image-preview:large, max-video-preview:-1\" \/>\n<link rel=\"canonical\" href=\"https:\/\/fundacion-ecotic.es\/en\/andreu-vila-appointed-as-the-new-president-of-ofiraee\/\" \/>\n<meta property=\"og:locale\" content=\"en_US\" \/>\n<meta property=\"og:type\" content=\"article\" \/>\n<meta property=\"og:title\" content=\"Andreu Vil\u00e0, appointed as the new president of OfiRaee. - Ecotic\" \/>\n<meta property=\"og:description\" content=\"In the latest meeting of the Coordination Office of the WEEE SCRAPs, our Managing Director, Andreu Vil\u00e0, was appointed as the rotating president of OfiRaee, the Coordination Office of the WEEE SCRAPs, a position he has previously held as vice president twice, from late 2017 to early 2020 and during the period from January 2023 [&hellip;]\" \/>\n<meta property=\"og:url\" content=\"https:\/\/fundacion-ecotic.es\/en\/andreu-vila-appointed-as-the-new-president-of-ofiraee\/\" \/>\n<meta property=\"og:site_name\" content=\"Ecotic\" \/>\n<meta property=\"article:published_time\" content=\"2024-12-17T11:21:54+00:00\" \/>\n<meta property=\"article:modified_time\" content=\"2024-12-17T11:38:46+00:00\" \/>\n<meta property=\"og:image\" content=\"https:\/\/fundacion-ecotic.es\/wp-content\/uploads\/2024\/12\/WhatsApp-Image-2024-12-16-at-16.34.05-1.jpeg\" \/>\n\t<meta property=\"og:image:width\" content=\"1065\" \/>\n\t<meta property=\"og:image:height\" content=\"843\" \/>\n\t<meta property=\"og:image:type\" content=\"image\/jpeg\" \/>\n<meta name=\"author\" content=\"Lara Mar\u00edn\" \/>\n<meta name=\"twitter:card\" content=\"summary_large_image\" \/>\n<meta name=\"twitter:label1\" content=\"Written by\" \/>\n\t<meta name=\"twitter:data1\" content=\"Lara Mar\u00edn\" \/>\n\t<meta name=\"twitter:label2\" content=\"Est. reading time\" \/>\n\t<meta name=\"twitter:data2\" content=\"2 minutes\" \/>\n<script type=\"application\/ld+json\" class=\"yoast-schema-graph\">{\"@context\":\"https:\\\/\\\/schema.org\",\"@graph\":[{\"@type\":\"Article\",\"@id\":\"https:\\\/\\\/fundacion-ecotic.es\\\/en\\\/andreu-vila-appointed-as-the-new-president-of-ofiraee\\\/#article\",\"isPartOf\":{\"@id\":\"https:\\\/\\\/fundacion-ecotic.es\\\/en\\\/andreu-vila-appointed-as-the-new-president-of-ofiraee\\\/\"},\"author\":{\"name\":\"Lara Mar\u00edn\",\"@id\":\"https:\\\/\\\/fundacion-ecotic.es\\\/en\\\/#\\\/schema\\\/person\\\/e2e3d498bdcc10cfd12f3bfafb9acd3e\"},\"headline\":\"Andreu Vil\u00e0, appointed as the new president of OfiRaee.\",\"datePublished\":\"2024-12-17T11:21:54+00:00\",\"dateModified\":\"2024-12-17T11:38:46+00:00\",\"mainEntityOfPage\":{\"@id\":\"https:\\\/\\\/fundacion-ecotic.es\\\/en\\\/andreu-vila-appointed-as-the-new-president-of-ofiraee\\\/\"},\"wordCount\":504,\"publisher\":{\"@id\":\"https:\\\/\\\/fundacion-ecotic.es\\\/en\\\/#organization\"},\"image\":{\"@id\":\"https:\\\/\\\/fundacion-ecotic.es\\\/en\\\/andreu-vila-appointed-as-the-new-president-of-ofiraee\\\/#primaryimage\"},\"thumbnailUrl\":\"https:\\\/\\\/fundacion-ecotic.es\\\/wp-content\\\/uploads\\\/2024\\\/12\\\/WhatsApp-Image-2024-12-16-at-16.34.05-1.jpeg\",\"inLanguage\":\"en-US\"},{\"@type\":\"WebPage\",\"@id\":\"https:\\\/\\\/fundacion-ecotic.es\\\/en\\\/andreu-vila-appointed-as-the-new-president-of-ofiraee\\\/\",\"url\":\"https:\\\/\\\/fundacion-ecotic.es\\\/en\\\/andreu-vila-appointed-as-the-new-president-of-ofiraee\\\/\",\"name\":\"Andreu Vil\u00e0, appointed as the new president of OfiRaee. - Ecotic\",\"isPartOf\":{\"@id\":\"https:\\\/\\\/fundacion-ecotic.es\\\/en\\\/#website\"},\"primaryImageOfPage\":{\"@id\":\"https:\\\/\\\/fundacion-ecotic.es\\\/en\\\/andreu-vila-appointed-as-the-new-president-of-ofiraee\\\/#primaryimage\"},\"image\":{\"@id\":\"https:\\\/\\\/fundacion-ecotic.es\\\/en\\\/andreu-vila-appointed-as-the-new-president-of-ofiraee\\\/#primaryimage\"},\"thumbnailUrl\":\"https:\\\/\\\/fundacion-ecotic.es\\\/wp-content\\\/uploads\\\/2024\\\/12\\\/WhatsApp-Image-2024-12-16-at-16.34.05-1.jpeg\",\"datePublished\":\"2024-12-17T11:21:54+00:00\",\"dateModified\":\"2024-12-17T11:38:46+00:00\",\"breadcrumb\":{\"@id\":\"https:\\\/\\\/fundacion-ecotic.es\\\/en\\\/andreu-vila-appointed-as-the-new-president-of-ofiraee\\\/#breadcrumb\"},\"inLanguage\":\"en-US\",\"potentialAction\":[{\"@type\":\"ReadAction\",\"target\":[\"https:\\\/\\\/fundacion-ecotic.es\\\/en\\\/andreu-vila-appointed-as-the-new-president-of-ofiraee\\\/\"]}]},{\"@type\":\"ImageObject\",\"inLanguage\":\"en-US\",\"@id\":\"https:\\\/\\\/fundacion-ecotic.es\\\/en\\\/andreu-vila-appointed-as-the-new-president-of-ofiraee\\\/#primaryimage\",\"url\":\"https:\\\/\\\/fundacion-ecotic.es\\\/wp-content\\\/uploads\\\/2024\\\/12\\\/WhatsApp-Image-2024-12-16-at-16.34.05-1.jpeg\",\"contentUrl\":\"https:\\\/\\\/fundacion-ecotic.es\\\/wp-content\\\/uploads\\\/2024\\\/12\\\/WhatsApp-Image-2024-12-16-at-16.34.05-1.jpeg\",\"width\":1065,\"height\":843},{\"@type\":\"BreadcrumbList\",\"@id\":\"https:\\\/\\\/fundacion-ecotic.es\\\/en\\\/andreu-vila-appointed-as-the-new-president-of-ofiraee\\\/#breadcrumb\",\"itemListElement\":[{\"@type\":\"ListItem\",\"position\":1,\"name\":\"Portada\",\"item\":\"https:\\\/\\\/fundacion-ecotic.es\\\/en\\\/\"},{\"@type\":\"ListItem\",\"position\":2,\"name\":\"Andreu Vil\u00e0, appointed as the new president of OfiRaee.\"}]},{\"@type\":\"WebSite\",\"@id\":\"https:\\\/\\\/fundacion-ecotic.es\\\/en\\\/#website\",\"url\":\"https:\\\/\\\/fundacion-ecotic.es\\\/en\\\/\",\"name\":\"Ecotic\",\"description\":\"Ecotic\",\"publisher\":{\"@id\":\"https:\\\/\\\/fundacion-ecotic.es\\\/en\\\/#organization\"},\"potentialAction\":[{\"@type\":\"SearchAction\",\"target\":{\"@type\":\"EntryPoint\",\"urlTemplate\":\"https:\\\/\\\/fundacion-ecotic.es\\\/en\\\/?s={search_term_string}\"},\"query-input\":{\"@type\":\"PropertyValueSpecification\",\"valueRequired\":true,\"valueName\":\"search_term_string\"}}],\"inLanguage\":\"en-US\"},{\"@type\":\"Organization\",\"@id\":\"https:\\\/\\\/fundacion-ecotic.es\\\/en\\\/#organization\",\"name\":\"Ecotic\",\"url\":\"https:\\\/\\\/fundacion-ecotic.es\\\/en\\\/\",\"logo\":{\"@type\":\"ImageObject\",\"inLanguage\":\"en-US\",\"@id\":\"https:\\\/\\\/fundacion-ecotic.es\\\/en\\\/#\\\/schema\\\/logo\\\/image\\\/\",\"url\":\"https:\\\/\\\/fundacion-ecotic.es\\\/wp-content\\\/uploads\\\/2024\\\/04\\\/logo-ecotic-fundacion.png\",\"contentUrl\":\"https:\\\/\\\/fundacion-ecotic.es\\\/wp-content\\\/uploads\\\/2024\\\/04\\\/logo-ecotic-fundacion.png\",\"width\":102,\"height\":39,\"caption\":\"Ecotic\"},\"image\":{\"@id\":\"https:\\\/\\\/fundacion-ecotic.es\\\/en\\\/#\\\/schema\\\/logo\\\/image\\\/\"}},{\"@type\":\"Person\",\"@id\":\"https:\\\/\\\/fundacion-ecotic.es\\\/en\\\/#\\\/schema\\\/person\\\/e2e3d498bdcc10cfd12f3bfafb9acd3e\",\"name\":\"Lara Mar\u00edn\",\"image\":{\"@type\":\"ImageObject\",\"inLanguage\":\"en-US\",\"@id\":\"https:\\\/\\\/secure.gravatar.com\\\/avatar\\\/e5d21ae4c61482c4860334cc772d5bba135921d9ad05f385facae35789843b74?s=96&d=mm&r=g\",\"url\":\"https:\\\/\\\/secure.gravatar.com\\\/avatar\\\/e5d21ae4c61482c4860334cc772d5bba135921d9ad05f385facae35789843b74?s=96&d=mm&r=g\",\"contentUrl\":\"https:\\\/\\\/secure.gravatar.com\\\/avatar\\\/e5d21ae4c61482c4860334cc772d5bba135921d9ad05f385facae35789843b74?s=96&d=mm&r=g\",\"caption\":\"Lara Mar\u00edn\"},\"url\":\"https:\\\/\\\/fundacion-ecotic.es\\\/en\\\/author\\\/lara\\\/\"}]}<\/script>\n<!-- \/ Yoast SEO plugin. -->","yoast_head_json":{"title":"Andreu Vil\u00e0, appointed as the new president of OfiRaee. - Ecotic","robots":{"index":"index","follow":"follow","max-snippet":"max-snippet:-1","max-image-preview":"max-image-preview:large","max-video-preview":"max-video-preview:-1"},"canonical":"https:\/\/fundacion-ecotic.es\/en\/andreu-vila-appointed-as-the-new-president-of-ofiraee\/","og_locale":"en_US","og_type":"article","og_title":"Andreu Vil\u00e0, appointed as the new president of OfiRaee. - Ecotic","og_description":"In the latest meeting of the Coordination Office of the WEEE SCRAPs, our Managing Director, Andreu Vil\u00e0, was appointed as the rotating president of OfiRaee, the Coordination Office of the WEEE SCRAPs, a position he has previously held as vice president twice, from late 2017 to early 2020 and during the period from January 2023 [&hellip;]","og_url":"https:\/\/fundacion-ecotic.es\/en\/andreu-vila-appointed-as-the-new-president-of-ofiraee\/","og_site_name":"Ecotic","article_published_time":"2024-12-17T11:21:54+00:00","article_modified_time":"2024-12-17T11:38:46+00:00","og_image":[{"width":1065,"height":843,"url":"https:\/\/fundacion-ecotic.es\/wp-content\/uploads\/2024\/12\/WhatsApp-Image-2024-12-16-at-16.34.05-1.jpeg","type":"image\/jpeg"}],"author":"Lara Mar\u00edn","twitter_card":"summary_large_image","twitter_misc":{"Written by":"Lara Mar\u00edn","Est. reading time":"2 minutes"},"schema":{"@context":"https:\/\/schema.org","@graph":[{"@type":"Article","@id":"https:\/\/fundacion-ecotic.es\/en\/andreu-vila-appointed-as-the-new-president-of-ofiraee\/#article","isPartOf":{"@id":"https:\/\/fundacion-ecotic.es\/en\/andreu-vila-appointed-as-the-new-president-of-ofiraee\/"},"author":{"name":"Lara Mar\u00edn","@id":"https:\/\/fundacion-ecotic.es\/en\/#\/schema\/person\/e2e3d498bdcc10cfd12f3bfafb9acd3e"},"headline":"Andreu Vil\u00e0, appointed as the new president of OfiRaee.","datePublished":"2024-12-17T11:21:54+00:00","dateModified":"2024-12-17T11:38:46+00:00","mainEntityOfPage":{"@id":"https:\/\/fundacion-ecotic.es\/en\/andreu-vila-appointed-as-the-new-president-of-ofiraee\/"},"wordCount":504,"publisher":{"@id":"https:\/\/fundacion-ecotic.es\/en\/#organization"},"image":{"@id":"https:\/\/fundacion-ecotic.es\/en\/andreu-vila-appointed-as-the-new-president-of-ofiraee\/#primaryimage"},"thumbnailUrl":"https:\/\/fundacion-ecotic.es\/wp-content\/uploads\/2024\/12\/WhatsApp-Image-2024-12-16-at-16.34.05-1.jpeg","inLanguage":"en-US"},{"@type":"WebPage","@id":"https:\/\/fundacion-ecotic.es\/en\/andreu-vila-appointed-as-the-new-president-of-ofiraee\/","url":"https:\/\/fundacion-ecotic.es\/en\/andreu-vila-appointed-as-the-new-president-of-ofiraee\/","name":"Andreu Vil\u00e0, appointed as the new president of OfiRaee. - Ecotic","isPartOf":{"@id":"https:\/\/fundacion-ecotic.es\/en\/#website"},"primaryImageOfPage":{"@id":"https:\/\/fundacion-ecotic.es\/en\/andreu-vila-appointed-as-the-new-president-of-ofiraee\/#primaryimage"},"image":{"@id":"https:\/\/fundacion-ecotic.es\/en\/andreu-vila-appointed-as-the-new-president-of-ofiraee\/#primaryimage"},"thumbnailUrl":"https:\/\/fundacion-ecotic.es\/wp-content\/uploads\/2024\/12\/WhatsApp-Image-2024-12-16-at-16.34.05-1.jpeg","datePublished":"2024-12-17T11:21:54+00:00","dateModified":"2024-12-17T11:38:46+00:00","breadcrumb":{"@id":"https:\/\/fundacion-ecotic.es\/en\/andreu-vila-appointed-as-the-new-president-of-ofiraee\/#breadcrumb"},"inLanguage":"en-US","potentialAction":[{"@type":"ReadAction","target":["https:\/\/fundacion-ecotic.es\/en\/andreu-vila-appointed-as-the-new-president-of-ofiraee\/"]}]},{"@type":"ImageObject","inLanguage":"en-US","@id":"https:\/\/fundacion-ecotic.es\/en\/andreu-vila-appointed-as-the-new-president-of-ofiraee\/#primaryimage","url":"https:\/\/fundacion-ecotic.es\/wp-content\/uploads\/2024\/12\/WhatsApp-Image-2024-12-16-at-16.34.05-1.jpeg","contentUrl":"https:\/\/fundacion-ecotic.es\/wp-content\/uploads\/2024\/12\/WhatsApp-Image-2024-12-16-at-16.34.05-1.jpeg","width":1065,"height":843},{"@type":"BreadcrumbList","@id":"https:\/\/fundacion-ecotic.es\/en\/andreu-vila-appointed-as-the-new-president-of-ofiraee\/#breadcrumb","itemListElement":[{"@type":"ListItem","position":1,"name":"Portada","item":"https:\/\/fundacion-ecotic.es\/en\/"},{"@type":"ListItem","position":2,"name":"Andreu Vil\u00e0, appointed as the new president of OfiRaee."}]},{"@type":"WebSite","@id":"https:\/\/fundacion-ecotic.es\/en\/#website","url":"https:\/\/fundacion-ecotic.es\/en\/","name":"Ecotic","description":"Ecotic","publisher":{"@id":"https:\/\/fundacion-ecotic.es\/en\/#organization"},"potentialAction":[{"@type":"SearchAction","target":{"@type":"EntryPoint","urlTemplate":"https:\/\/fundacion-ecotic.es\/en\/?s={search_term_string}"},"query-input":{"@type":"PropertyValueSpecification","valueRequired":true,"valueName":"search_term_string"}}],"inLanguage":"en-US"},{"@type":"Organization","@id":"https:\/\/fundacion-ecotic.es\/en\/#organization","name":"Ecotic","url":"https:\/\/fundacion-ecotic.es\/en\/","logo":{"@type":"ImageObject","inLanguage":"en-US","@id":"https:\/\/fundacion-ecotic.es\/en\/#\/schema\/logo\/image\/","url":"https:\/\/fundacion-ecotic.es\/wp-content\/uploads\/2024\/04\/logo-ecotic-fundacion.png","contentUrl":"https:\/\/fundacion-ecotic.es\/wp-content\/uploads\/2024\/04\/logo-ecotic-fundacion.png","width":102,"height":39,"caption":"Ecotic"},"image":{"@id":"https:\/\/fundacion-ecotic.es\/en\/#\/schema\/logo\/image\/"}},{"@type":"Person","@id":"https:\/\/fundacion-ecotic.es\/en\/#\/schema\/person\/e2e3d498bdcc10cfd12f3bfafb9acd3e","name":"Lara Mar\u00edn","image":{"@type":"ImageObject","inLanguage":"en-US","@id":"https:\/\/secure.gravatar.com\/avatar\/e5d21ae4c61482c4860334cc772d5bba135921d9ad05f385facae35789843b74?s=96&d=mm&r=g","url":"https:\/\/secure.gravatar.com\/avatar\/e5d21ae4c61482c4860334cc772d5bba135921d9ad05f385facae35789843b74?s=96&d=mm&r=g","contentUrl":"https:\/\/secure.gravatar.com\/avatar\/e5d21ae4c61482c4860334cc772d5bba135921d9ad05f385facae35789843b74?s=96&d=mm&r=g","caption":"Lara Mar\u00edn"},"url":"https:\/\/fundacion-ecotic.es\/en\/author\/lara\/"}]}},"_links":{"self":[{"href":"https:\/\/fundacion-ecotic.es\/en\/wp-json\/wp\/v2\/posts\/6284","targetHints":{"allow":["GET"]}}],"collection":[{"href":"https:\/\/fundacion-ecotic.es\/en\/wp-json\/wp\/v2\/posts"}],"about":[{"href":"https:\/\/fundacion-ecotic.es\/en\/wp-json\/wp\/v2\/types\/post"}],"author":[{"embeddable":true,"href":"https:\/\/fundacion-ecotic.es\/en\/wp-json\/wp\/v2\/users\/3"}],"replies":[{"embeddable":true,"href":"https:\/\/fundacion-ecotic.es\/en\/wp-json\/wp\/v2\/comments?post=6284"}],"version-history":[{"count":1,"href":"https:\/\/fundacion-ecotic.es\/en\/wp-json\/wp\/v2\/posts\/6284\/revisions"}],"predecessor-version":[{"id":6285,"href":"https:\/\/fundacion-ecotic.es\/en\/wp-json\/wp\/v2\/posts\/6284\/revisions\/6285"}],"wp:featuredmedia":[{"embeddable":true,"href":"https:\/\/fundacion-ecotic.es\/en\/wp-json\/wp\/v2\/media\/6278"}],"wp:attachment":[{"href":"https:\/\/fundacion-ecotic.es\/en\/wp-json\/wp\/v2\/media?parent=6284"}],"wp:term":[{"taxonomy":"category","embeddable":true,"href":"https:\/\/fundacion-ecotic.es\/en\/wp-json\/wp\/v2\/categories?post=6284"},{"taxonomy":"post_tag","embeddable":true,"href":"https:\/\/fundacion-ecotic.es\/en\/wp-json\/wp\/v2\/tags?post=6284"}],"curies":[{"name":"wp","href":"https:\/\/api.w.org\/{rel}","templated":true}]}}