{"id":6496,"date":"2025-04-15T13:20:24","date_gmt":"2025-04-15T13:20:24","guid":{"rendered":"https:\/\/fundacion-ecotic.es\/ecotic-and-andimac-have-signed-an-agreement-to-promote-circularity-in-distribution\/"},"modified":"2025-04-15T13:50:29","modified_gmt":"2025-04-15T13:50:29","slug":"ecotic-and-andimac-have-signed-an-agreement-to-promote-circularity-in-distribution","status":"publish","type":"post","link":"https:\/\/fundacion-ecotic.es\/en\/ecotic-and-andimac-have-signed-an-agreement-to-promote-circularity-in-distribution\/","title":{"rendered":"ECOTIC and Andimac have signed an agreement to promote circularity in distribution."},"content":{"rendered":"\n<p>ECOTIC and Andimac have signed a collaboration agreement to facilitate efficient management for distribution companies working with climate products and waste electrical and electronic equipment (WEEE). The main objective of the agreement is to help companies in the sector expand their service portfolio in a context of increasing regulatory requirements regarding sustainability. <\/p>\n\n<p>Through this agreement, both entities will work together to promote selective collection and proper treatment of WEEE, fostering the adoption of good environmental practices in the distribution sector by being part of the technical group of the Sustainability and Circularity seal for distribution.<\/p>\n\n<p><strong>Circularity in distribution<\/strong><\/p>\n\n<p>The agreement is part of the challenges the sector will face starting in 2025 regarding sustainability and the circular economy. In this regard, ECOTIC and Andimac will collaborate in the implementation of processes that facilitate the proper management of waste, fostering a cultural, business, and process shift focused on the reuse and recycling of materials in the construction sector. <\/p>\n\n<p>To achieve this, we will promote the Sustainability and Circular Economy Commitment Seal within the sector, with the aim of recognizing those companies that adopt responsible measures in WEEE management and contribute to the development of a more sustainable value chain.<\/p>\n\n<p>Furthermore, one of the key aspects of this agreement is the guarantee of legal security for companies and their professional clients. Now, distribution companies will have the necessary support to comply with current regulations, ensuring the fulfillment of their obligations in the management of electrical and electronic waste. <\/p>\n\n<p>Adem\u00e1s, el convenio prev\u00e9 la implementaci\u00f3n de puntos de recogida asociados a la red de distribuci\u00f3n, incentivando a las empresas y a los instaladores a participar activamente en el reciclaje de estos productos y a comunicar buenas pr\u00e1cticas en la gesti\u00f3n de residuos.<\/p>\n\n<p><strong>ECOTIC and Andimac: A Step &#8220;Further Towards Circularity in Construction&#8221;<\/strong><\/p>\n\n<p>Sebasti\u00e1n Molinero, Secretary General of Andimac, highlighted that &#8220;this agreement represents a fundamental step towards consolidating a distribution model aligned with regulatory requirements and the growing demand for sustainability in the sector. Our goal is to help companies adapt to an increasingly regulated environment by providing tools and support so they can differentiate themselves in the market and improve their reputation among employees and customers.&#8221;<\/p>\n\n<p>For his part, Andreu Vil\u00e0, Director General of ECOTIC, stated: &#8220;We celebrate this agreement with Andimac as a strategic alliance to move towards a more sustainable distribution model. We are convinced that collaboration with the distribution sector will be key to ensuring proper WEEE management and driving circularity in the fields of climate control and construction.&#8221;<br\/>4o mini<br\/> <br\/> <br\/><\/p>\n","protected":false},"excerpt":{"rendered":"<p>ECOTIC and Andimac have signed a collaboration agreement to facilitate efficient management for distribution companies working with climate products and waste electrical and electronic equipment (WEEE). The main objective of the agreement is to help companies in the sector expand their service portfolio in a context of increasing regulatory requirements regarding sustainability. Through this agreement, [&hellip;]<\/p>\n","protected":false},"author":3,"featured_media":6491,"comment_status":"closed","ping_status":"closed","sticky":false,"template":"","format":"standard","meta":{"footnotes":""},"categories":[12],"tags":[],"class_list":["post-6496","post","type-post","status-publish","format-standard","has-post-thumbnail","hentry","category-uncategorized"],"yoast_head":"<!-- This site is optimized with the Yoast SEO plugin v27.4 - https:\/\/yoast.com\/product\/yoast-seo-wordpress\/ -->\n<title>ECOTIC and Andimac have signed an agreement to promote circularity in distribution. - Ecotic<\/title>\n<meta name=\"robots\" content=\"index, follow, max-snippet:-1, max-image-preview:large, max-video-preview:-1\" \/>\n<link rel=\"canonical\" href=\"https:\/\/fundacion-ecotic.es\/en\/ecotic-and-andimac-have-signed-an-agreement-to-promote-circularity-in-distribution\/\" \/>\n<meta property=\"og:locale\" content=\"en_US\" \/>\n<meta property=\"og:type\" content=\"article\" \/>\n<meta property=\"og:title\" content=\"ECOTIC and Andimac have signed an agreement to promote circularity in distribution. - Ecotic\" \/>\n<meta property=\"og:description\" content=\"ECOTIC and Andimac have signed a collaboration agreement to facilitate efficient management for distribution companies working with climate products and waste electrical and electronic equipment (WEEE). The main objective of the agreement is to help companies in the sector expand their service portfolio in a context of increasing regulatory requirements regarding sustainability. Through this agreement, [&hellip;]\" \/>\n<meta property=\"og:url\" content=\"https:\/\/fundacion-ecotic.es\/en\/ecotic-and-andimac-have-signed-an-agreement-to-promote-circularity-in-distribution\/\" \/>\n<meta property=\"og:site_name\" content=\"Ecotic\" \/>\n<meta property=\"article:published_time\" content=\"2025-04-15T13:20:24+00:00\" \/>\n<meta property=\"article:modified_time\" content=\"2025-04-15T13:50:29+00:00\" \/>\n<meta property=\"og:image\" content=\"https:\/\/fundacion-ecotic.es\/wp-content\/uploads\/2025\/04\/7C1A9739-1_11zon-scaled.jpg\" \/>\n\t<meta property=\"og:image:width\" content=\"2560\" \/>\n\t<meta property=\"og:image:height\" content=\"1707\" \/>\n\t<meta property=\"og:image:type\" content=\"image\/jpeg\" \/>\n<meta name=\"author\" content=\"Lara Mar\u00edn\" \/>\n<meta name=\"twitter:card\" content=\"summary_large_image\" \/>\n<meta name=\"twitter:label1\" content=\"Written by\" \/>\n\t<meta name=\"twitter:data1\" content=\"Lara Mar\u00edn\" \/>\n\t<meta name=\"twitter:label2\" content=\"Est. reading time\" \/>\n\t<meta name=\"twitter:data2\" content=\"2 minutes\" \/>\n<script type=\"application\/ld+json\" class=\"yoast-schema-graph\">{\"@context\":\"https:\\\/\\\/schema.org\",\"@graph\":[{\"@type\":\"Article\",\"@id\":\"https:\\\/\\\/fundacion-ecotic.es\\\/en\\\/ecotic-and-andimac-have-signed-an-agreement-to-promote-circularity-in-distribution\\\/#article\",\"isPartOf\":{\"@id\":\"https:\\\/\\\/fundacion-ecotic.es\\\/en\\\/ecotic-and-andimac-have-signed-an-agreement-to-promote-circularity-in-distribution\\\/\"},\"author\":{\"name\":\"Lara Mar\u00edn\",\"@id\":\"https:\\\/\\\/fundacion-ecotic.es\\\/en\\\/#\\\/schema\\\/person\\\/e2e3d498bdcc10cfd12f3bfafb9acd3e\"},\"headline\":\"ECOTIC and Andimac have signed an agreement to promote circularity in distribution.\",\"datePublished\":\"2025-04-15T13:20:24+00:00\",\"dateModified\":\"2025-04-15T13:50:29+00:00\",\"mainEntityOfPage\":{\"@id\":\"https:\\\/\\\/fundacion-ecotic.es\\\/en\\\/ecotic-and-andimac-have-signed-an-agreement-to-promote-circularity-in-distribution\\\/\"},\"wordCount\":439,\"publisher\":{\"@id\":\"https:\\\/\\\/fundacion-ecotic.es\\\/en\\\/#organization\"},\"image\":{\"@id\":\"https:\\\/\\\/fundacion-ecotic.es\\\/en\\\/ecotic-and-andimac-have-signed-an-agreement-to-promote-circularity-in-distribution\\\/#primaryimage\"},\"thumbnailUrl\":\"https:\\\/\\\/fundacion-ecotic.es\\\/wp-content\\\/uploads\\\/2025\\\/04\\\/7C1A9739-1_11zon-scaled.jpg\",\"inLanguage\":\"en-US\"},{\"@type\":\"WebPage\",\"@id\":\"https:\\\/\\\/fundacion-ecotic.es\\\/en\\\/ecotic-and-andimac-have-signed-an-agreement-to-promote-circularity-in-distribution\\\/\",\"url\":\"https:\\\/\\\/fundacion-ecotic.es\\\/en\\\/ecotic-and-andimac-have-signed-an-agreement-to-promote-circularity-in-distribution\\\/\",\"name\":\"ECOTIC and Andimac have signed an agreement to promote circularity in distribution. - Ecotic\",\"isPartOf\":{\"@id\":\"https:\\\/\\\/fundacion-ecotic.es\\\/en\\\/#website\"},\"primaryImageOfPage\":{\"@id\":\"https:\\\/\\\/fundacion-ecotic.es\\\/en\\\/ecotic-and-andimac-have-signed-an-agreement-to-promote-circularity-in-distribution\\\/#primaryimage\"},\"image\":{\"@id\":\"https:\\\/\\\/fundacion-ecotic.es\\\/en\\\/ecotic-and-andimac-have-signed-an-agreement-to-promote-circularity-in-distribution\\\/#primaryimage\"},\"thumbnailUrl\":\"https:\\\/\\\/fundacion-ecotic.es\\\/wp-content\\\/uploads\\\/2025\\\/04\\\/7C1A9739-1_11zon-scaled.jpg\",\"datePublished\":\"2025-04-15T13:20:24+00:00\",\"dateModified\":\"2025-04-15T13:50:29+00:00\",\"breadcrumb\":{\"@id\":\"https:\\\/\\\/fundacion-ecotic.es\\\/en\\\/ecotic-and-andimac-have-signed-an-agreement-to-promote-circularity-in-distribution\\\/#breadcrumb\"},\"inLanguage\":\"en-US\",\"potentialAction\":[{\"@type\":\"ReadAction\",\"target\":[\"https:\\\/\\\/fundacion-ecotic.es\\\/en\\\/ecotic-and-andimac-have-signed-an-agreement-to-promote-circularity-in-distribution\\\/\"]}]},{\"@type\":\"ImageObject\",\"inLanguage\":\"en-US\",\"@id\":\"https:\\\/\\\/fundacion-ecotic.es\\\/en\\\/ecotic-and-andimac-have-signed-an-agreement-to-promote-circularity-in-distribution\\\/#primaryimage\",\"url\":\"https:\\\/\\\/fundacion-ecotic.es\\\/wp-content\\\/uploads\\\/2025\\\/04\\\/7C1A9739-1_11zon-scaled.jpg\",\"contentUrl\":\"https:\\\/\\\/fundacion-ecotic.es\\\/wp-content\\\/uploads\\\/2025\\\/04\\\/7C1A9739-1_11zon-scaled.jpg\",\"width\":2560,\"height\":1707},{\"@type\":\"BreadcrumbList\",\"@id\":\"https:\\\/\\\/fundacion-ecotic.es\\\/en\\\/ecotic-and-andimac-have-signed-an-agreement-to-promote-circularity-in-distribution\\\/#breadcrumb\",\"itemListElement\":[{\"@type\":\"ListItem\",\"position\":1,\"name\":\"Portada\",\"item\":\"https:\\\/\\\/fundacion-ecotic.es\\\/en\\\/\"},{\"@type\":\"ListItem\",\"position\":2,\"name\":\"ECOTIC and Andimac have signed an agreement to promote circularity in distribution.\"}]},{\"@type\":\"WebSite\",\"@id\":\"https:\\\/\\\/fundacion-ecotic.es\\\/en\\\/#website\",\"url\":\"https:\\\/\\\/fundacion-ecotic.es\\\/en\\\/\",\"name\":\"Ecotic\",\"description\":\"Ecotic\",\"publisher\":{\"@id\":\"https:\\\/\\\/fundacion-ecotic.es\\\/en\\\/#organization\"},\"potentialAction\":[{\"@type\":\"SearchAction\",\"target\":{\"@type\":\"EntryPoint\",\"urlTemplate\":\"https:\\\/\\\/fundacion-ecotic.es\\\/en\\\/?s={search_term_string}\"},\"query-input\":{\"@type\":\"PropertyValueSpecification\",\"valueRequired\":true,\"valueName\":\"search_term_string\"}}],\"inLanguage\":\"en-US\"},{\"@type\":\"Organization\",\"@id\":\"https:\\\/\\\/fundacion-ecotic.es\\\/en\\\/#organization\",\"name\":\"Ecotic\",\"url\":\"https:\\\/\\\/fundacion-ecotic.es\\\/en\\\/\",\"logo\":{\"@type\":\"ImageObject\",\"inLanguage\":\"en-US\",\"@id\":\"https:\\\/\\\/fundacion-ecotic.es\\\/en\\\/#\\\/schema\\\/logo\\\/image\\\/\",\"url\":\"https:\\\/\\\/fundacion-ecotic.es\\\/wp-content\\\/uploads\\\/2024\\\/04\\\/logo-ecotic-fundacion.png\",\"contentUrl\":\"https:\\\/\\\/fundacion-ecotic.es\\\/wp-content\\\/uploads\\\/2024\\\/04\\\/logo-ecotic-fundacion.png\",\"width\":102,\"height\":39,\"caption\":\"Ecotic\"},\"image\":{\"@id\":\"https:\\\/\\\/fundacion-ecotic.es\\\/en\\\/#\\\/schema\\\/logo\\\/image\\\/\"}},{\"@type\":\"Person\",\"@id\":\"https:\\\/\\\/fundacion-ecotic.es\\\/en\\\/#\\\/schema\\\/person\\\/e2e3d498bdcc10cfd12f3bfafb9acd3e\",\"name\":\"Lara Mar\u00edn\",\"image\":{\"@type\":\"ImageObject\",\"inLanguage\":\"en-US\",\"@id\":\"https:\\\/\\\/secure.gravatar.com\\\/avatar\\\/e5d21ae4c61482c4860334cc772d5bba135921d9ad05f385facae35789843b74?s=96&d=mm&r=g\",\"url\":\"https:\\\/\\\/secure.gravatar.com\\\/avatar\\\/e5d21ae4c61482c4860334cc772d5bba135921d9ad05f385facae35789843b74?s=96&d=mm&r=g\",\"contentUrl\":\"https:\\\/\\\/secure.gravatar.com\\\/avatar\\\/e5d21ae4c61482c4860334cc772d5bba135921d9ad05f385facae35789843b74?s=96&d=mm&r=g\",\"caption\":\"Lara Mar\u00edn\"},\"url\":\"https:\\\/\\\/fundacion-ecotic.es\\\/en\\\/author\\\/lara\\\/\"}]}<\/script>\n<!-- \/ Yoast SEO plugin. -->","yoast_head_json":{"title":"ECOTIC and Andimac have signed an agreement to promote circularity in distribution. - Ecotic","robots":{"index":"index","follow":"follow","max-snippet":"max-snippet:-1","max-image-preview":"max-image-preview:large","max-video-preview":"max-video-preview:-1"},"canonical":"https:\/\/fundacion-ecotic.es\/en\/ecotic-and-andimac-have-signed-an-agreement-to-promote-circularity-in-distribution\/","og_locale":"en_US","og_type":"article","og_title":"ECOTIC and Andimac have signed an agreement to promote circularity in distribution. - Ecotic","og_description":"ECOTIC and Andimac have signed a collaboration agreement to facilitate efficient management for distribution companies working with climate products and waste electrical and electronic equipment (WEEE). The main objective of the agreement is to help companies in the sector expand their service portfolio in a context of increasing regulatory requirements regarding sustainability. Through this agreement, [&hellip;]","og_url":"https:\/\/fundacion-ecotic.es\/en\/ecotic-and-andimac-have-signed-an-agreement-to-promote-circularity-in-distribution\/","og_site_name":"Ecotic","article_published_time":"2025-04-15T13:20:24+00:00","article_modified_time":"2025-04-15T13:50:29+00:00","og_image":[{"width":2560,"height":1707,"url":"https:\/\/fundacion-ecotic.es\/wp-content\/uploads\/2025\/04\/7C1A9739-1_11zon-scaled.jpg","type":"image\/jpeg"}],"author":"Lara Mar\u00edn","twitter_card":"summary_large_image","twitter_misc":{"Written by":"Lara Mar\u00edn","Est. reading time":"2 minutes"},"schema":{"@context":"https:\/\/schema.org","@graph":[{"@type":"Article","@id":"https:\/\/fundacion-ecotic.es\/en\/ecotic-and-andimac-have-signed-an-agreement-to-promote-circularity-in-distribution\/#article","isPartOf":{"@id":"https:\/\/fundacion-ecotic.es\/en\/ecotic-and-andimac-have-signed-an-agreement-to-promote-circularity-in-distribution\/"},"author":{"name":"Lara Mar\u00edn","@id":"https:\/\/fundacion-ecotic.es\/en\/#\/schema\/person\/e2e3d498bdcc10cfd12f3bfafb9acd3e"},"headline":"ECOTIC and Andimac have signed an agreement to promote circularity in distribution.","datePublished":"2025-04-15T13:20:24+00:00","dateModified":"2025-04-15T13:50:29+00:00","mainEntityOfPage":{"@id":"https:\/\/fundacion-ecotic.es\/en\/ecotic-and-andimac-have-signed-an-agreement-to-promote-circularity-in-distribution\/"},"wordCount":439,"publisher":{"@id":"https:\/\/fundacion-ecotic.es\/en\/#organization"},"image":{"@id":"https:\/\/fundacion-ecotic.es\/en\/ecotic-and-andimac-have-signed-an-agreement-to-promote-circularity-in-distribution\/#primaryimage"},"thumbnailUrl":"https:\/\/fundacion-ecotic.es\/wp-content\/uploads\/2025\/04\/7C1A9739-1_11zon-scaled.jpg","inLanguage":"en-US"},{"@type":"WebPage","@id":"https:\/\/fundacion-ecotic.es\/en\/ecotic-and-andimac-have-signed-an-agreement-to-promote-circularity-in-distribution\/","url":"https:\/\/fundacion-ecotic.es\/en\/ecotic-and-andimac-have-signed-an-agreement-to-promote-circularity-in-distribution\/","name":"ECOTIC and Andimac have signed an agreement to promote circularity in distribution. - Ecotic","isPartOf":{"@id":"https:\/\/fundacion-ecotic.es\/en\/#website"},"primaryImageOfPage":{"@id":"https:\/\/fundacion-ecotic.es\/en\/ecotic-and-andimac-have-signed-an-agreement-to-promote-circularity-in-distribution\/#primaryimage"},"image":{"@id":"https:\/\/fundacion-ecotic.es\/en\/ecotic-and-andimac-have-signed-an-agreement-to-promote-circularity-in-distribution\/#primaryimage"},"thumbnailUrl":"https:\/\/fundacion-ecotic.es\/wp-content\/uploads\/2025\/04\/7C1A9739-1_11zon-scaled.jpg","datePublished":"2025-04-15T13:20:24+00:00","dateModified":"2025-04-15T13:50:29+00:00","breadcrumb":{"@id":"https:\/\/fundacion-ecotic.es\/en\/ecotic-and-andimac-have-signed-an-agreement-to-promote-circularity-in-distribution\/#breadcrumb"},"inLanguage":"en-US","potentialAction":[{"@type":"ReadAction","target":["https:\/\/fundacion-ecotic.es\/en\/ecotic-and-andimac-have-signed-an-agreement-to-promote-circularity-in-distribution\/"]}]},{"@type":"ImageObject","inLanguage":"en-US","@id":"https:\/\/fundacion-ecotic.es\/en\/ecotic-and-andimac-have-signed-an-agreement-to-promote-circularity-in-distribution\/#primaryimage","url":"https:\/\/fundacion-ecotic.es\/wp-content\/uploads\/2025\/04\/7C1A9739-1_11zon-scaled.jpg","contentUrl":"https:\/\/fundacion-ecotic.es\/wp-content\/uploads\/2025\/04\/7C1A9739-1_11zon-scaled.jpg","width":2560,"height":1707},{"@type":"BreadcrumbList","@id":"https:\/\/fundacion-ecotic.es\/en\/ecotic-and-andimac-have-signed-an-agreement-to-promote-circularity-in-distribution\/#breadcrumb","itemListElement":[{"@type":"ListItem","position":1,"name":"Portada","item":"https:\/\/fundacion-ecotic.es\/en\/"},{"@type":"ListItem","position":2,"name":"ECOTIC and Andimac have signed an agreement to promote circularity in distribution."}]},{"@type":"WebSite","@id":"https:\/\/fundacion-ecotic.es\/en\/#website","url":"https:\/\/fundacion-ecotic.es\/en\/","name":"Ecotic","description":"Ecotic","publisher":{"@id":"https:\/\/fundacion-ecotic.es\/en\/#organization"},"potentialAction":[{"@type":"SearchAction","target":{"@type":"EntryPoint","urlTemplate":"https:\/\/fundacion-ecotic.es\/en\/?s={search_term_string}"},"query-input":{"@type":"PropertyValueSpecification","valueRequired":true,"valueName":"search_term_string"}}],"inLanguage":"en-US"},{"@type":"Organization","@id":"https:\/\/fundacion-ecotic.es\/en\/#organization","name":"Ecotic","url":"https:\/\/fundacion-ecotic.es\/en\/","logo":{"@type":"ImageObject","inLanguage":"en-US","@id":"https:\/\/fundacion-ecotic.es\/en\/#\/schema\/logo\/image\/","url":"https:\/\/fundacion-ecotic.es\/wp-content\/uploads\/2024\/04\/logo-ecotic-fundacion.png","contentUrl":"https:\/\/fundacion-ecotic.es\/wp-content\/uploads\/2024\/04\/logo-ecotic-fundacion.png","width":102,"height":39,"caption":"Ecotic"},"image":{"@id":"https:\/\/fundacion-ecotic.es\/en\/#\/schema\/logo\/image\/"}},{"@type":"Person","@id":"https:\/\/fundacion-ecotic.es\/en\/#\/schema\/person\/e2e3d498bdcc10cfd12f3bfafb9acd3e","name":"Lara Mar\u00edn","image":{"@type":"ImageObject","inLanguage":"en-US","@id":"https:\/\/secure.gravatar.com\/avatar\/e5d21ae4c61482c4860334cc772d5bba135921d9ad05f385facae35789843b74?s=96&d=mm&r=g","url":"https:\/\/secure.gravatar.com\/avatar\/e5d21ae4c61482c4860334cc772d5bba135921d9ad05f385facae35789843b74?s=96&d=mm&r=g","contentUrl":"https:\/\/secure.gravatar.com\/avatar\/e5d21ae4c61482c4860334cc772d5bba135921d9ad05f385facae35789843b74?s=96&d=mm&r=g","caption":"Lara Mar\u00edn"},"url":"https:\/\/fundacion-ecotic.es\/en\/author\/lara\/"}]}},"_links":{"self":[{"href":"https:\/\/fundacion-ecotic.es\/en\/wp-json\/wp\/v2\/posts\/6496","targetHints":{"allow":["GET"]}}],"collection":[{"href":"https:\/\/fundacion-ecotic.es\/en\/wp-json\/wp\/v2\/posts"}],"about":[{"href":"https:\/\/fundacion-ecotic.es\/en\/wp-json\/wp\/v2\/types\/post"}],"author":[{"embeddable":true,"href":"https:\/\/fundacion-ecotic.es\/en\/wp-json\/wp\/v2\/users\/3"}],"replies":[{"embeddable":true,"href":"https:\/\/fundacion-ecotic.es\/en\/wp-json\/wp\/v2\/comments?post=6496"}],"version-history":[{"count":1,"href":"https:\/\/fundacion-ecotic.es\/en\/wp-json\/wp\/v2\/posts\/6496\/revisions"}],"predecessor-version":[{"id":6497,"href":"https:\/\/fundacion-ecotic.es\/en\/wp-json\/wp\/v2\/posts\/6496\/revisions\/6497"}],"wp:featuredmedia":[{"embeddable":true,"href":"https:\/\/fundacion-ecotic.es\/en\/wp-json\/wp\/v2\/media\/6491"}],"wp:attachment":[{"href":"https:\/\/fundacion-ecotic.es\/en\/wp-json\/wp\/v2\/media?parent=6496"}],"wp:term":[{"taxonomy":"category","embeddable":true,"href":"https:\/\/fundacion-ecotic.es\/en\/wp-json\/wp\/v2\/categories?post=6496"},{"taxonomy":"post_tag","embeddable":true,"href":"https:\/\/fundacion-ecotic.es\/en\/wp-json\/wp\/v2\/tags?post=6496"}],"curies":[{"name":"wp","href":"https:\/\/api.w.org\/{rel}","templated":true}]}}