{"id":6673,"date":"2025-10-02T10:22:13","date_gmt":"2025-10-02T10:22:13","guid":{"rendered":"https:\/\/fundacion-ecotic.es\/a-coruna-hosts-the-7th-national-weee-congress\/"},"modified":"2025-10-02T10:30:13","modified_gmt":"2025-10-02T10:30:13","slug":"a-coruna-hosts-the-7th-national-weee-congress","status":"publish","type":"post","link":"https:\/\/fundacion-ecotic.es\/en\/a-coruna-hosts-the-7th-national-weee-congress\/","title":{"rendered":"A Coru\u00f1a hosts the 7th National WEEE Congress"},"content":{"rendered":"\n<p>On <strong>October 7 and 8<\/strong>, the city of A Coru\u00f1a will become the epicenter of circular economy and sustainability with the celebration of the <strong>7th National Congress on Waste Electrical and Electronic Equipment (WEEE)<\/strong>.<\/p>\n\n<p>Organized by <strong>OfiRAEE<\/strong>, with the support of the <strong>Xunta de Galicia<\/strong>, the event will bring together more than <strong>300 experts, companies, institutions and European representatives<\/strong> to discuss the challenges and opportunities in WEEE management, the recovery of critical raw materials, and innovation in sustainability.<\/p>\n\n<p>The congress will feature the participation of the main Collective Systems of Extended Producer Responsibility (SCRAP): <strong>AMBILAMP, ECOTIC, Fundaci\u00f3n ECOLUM, Fundaci\u00f3n ECOLEC, European Recycling Platform (ERP), Fundaci\u00f3n Eco-RAEE\u2019s, and Recyclia\/Ecopilas<\/strong>.<\/p>\n\n<blockquote class=\"wp-block-quote is-layout-flow wp-block-quote-is-layout-flow\">\n<p><em>&#8220;This Congress is not just a sectoral meeting, but a collective commitment to the circular economy, innovation, and the protection of the environment,\u201d<\/em> said <strong>Andreu Vil\u00e0, General Director of ECOTIC and President of OfiRAEE.<\/strong><\/p>\n<\/blockquote>\n\n<p>Over two days, the program will include conferences, roundtables, and discussion spaces on key issues such as the new European regulations, the <strong>Digital Product Passport<\/strong>, the <strong>recovery of critical raw materials<\/strong>, and the new WEEE collection targets.<\/p>\n\n<p>The choice of A Coru\u00f1a as the venue highlights Galicia\u2019s commitment to the ecological transition, reinforcing its role as a benchmark in sustainability and public-private collaboration.<\/p>\n\n<p>More information in <a href=\"https:\/\/congresonacionalraee.es\/\">\n  <mark style=\"background-color:rgba(0, 0, 0, 0)\" class=\"has-inline-color has-vivid-cyan-blue-color\">https:\/\/congresonacionalraee.es\/<\/mark>\n<\/a>.<\/p>\n","protected":false},"excerpt":{"rendered":"<p>On October 7 and 8, the city of A Coru\u00f1a will become the epicenter of circular economy and sustainability with the celebration of the 7th National Congress on Waste Electrical and Electronic Equipment (WEEE). Organized by OfiRAEE, with the support of the Xunta de Galicia, the event will bring together more than 300 experts, companies, [&hellip;]<\/p>\n","protected":false},"author":3,"featured_media":6670,"comment_status":"closed","ping_status":"closed","sticky":false,"template":"","format":"standard","meta":{"footnotes":""},"categories":[12],"tags":[],"class_list":["post-6673","post","type-post","status-publish","format-standard","has-post-thumbnail","hentry","category-uncategorized"],"yoast_head":"<!-- This site is optimized with the Yoast SEO plugin v27.4 - https:\/\/yoast.com\/product\/yoast-seo-wordpress\/ -->\n<title>A Coru\u00f1a hosts the 7th National WEEE Congress - Ecotic<\/title>\n<meta name=\"robots\" content=\"index, follow, max-snippet:-1, max-image-preview:large, max-video-preview:-1\" \/>\n<link rel=\"canonical\" href=\"https:\/\/fundacion-ecotic.es\/en\/a-coruna-hosts-the-7th-national-weee-congress\/\" \/>\n<meta property=\"og:locale\" content=\"en_US\" \/>\n<meta property=\"og:type\" content=\"article\" \/>\n<meta property=\"og:title\" content=\"A Coru\u00f1a hosts the 7th National WEEE Congress - Ecotic\" \/>\n<meta property=\"og:description\" content=\"On October 7 and 8, the city of A Coru\u00f1a will become the epicenter of circular economy and sustainability with the celebration of the 7th National Congress on Waste Electrical and Electronic Equipment (WEEE). Organized by OfiRAEE, with the support of the Xunta de Galicia, the event will bring together more than 300 experts, companies, [&hellip;]\" \/>\n<meta property=\"og:url\" content=\"https:\/\/fundacion-ecotic.es\/en\/a-coruna-hosts-the-7th-national-weee-congress\/\" \/>\n<meta property=\"og:site_name\" content=\"Ecotic\" \/>\n<meta property=\"article:published_time\" content=\"2025-10-02T10:22:13+00:00\" \/>\n<meta property=\"article:modified_time\" content=\"2025-10-02T10:30:13+00:00\" \/>\n<meta property=\"og:image\" content=\"https:\/\/fundacion-ecotic.es\/wp-content\/uploads\/2025\/10\/PHOTO-2025-06-10-12-06-19.jpg\" \/>\n\t<meta property=\"og:image:width\" content=\"1600\" \/>\n\t<meta property=\"og:image:height\" content=\"996\" \/>\n\t<meta property=\"og:image:type\" content=\"image\/jpeg\" \/>\n<meta name=\"author\" content=\"Lara Mar\u00edn\" \/>\n<meta name=\"twitter:card\" content=\"summary_large_image\" \/>\n<meta name=\"twitter:label1\" content=\"Written by\" \/>\n\t<meta name=\"twitter:data1\" content=\"Lara Mar\u00edn\" \/>\n\t<meta name=\"twitter:label2\" content=\"Est. reading time\" \/>\n\t<meta name=\"twitter:data2\" content=\"1 minute\" \/>\n<script type=\"application\/ld+json\" class=\"yoast-schema-graph\">{\"@context\":\"https:\\\/\\\/schema.org\",\"@graph\":[{\"@type\":\"Article\",\"@id\":\"https:\\\/\\\/fundacion-ecotic.es\\\/en\\\/a-coruna-hosts-the-7th-national-weee-congress\\\/#article\",\"isPartOf\":{\"@id\":\"https:\\\/\\\/fundacion-ecotic.es\\\/en\\\/a-coruna-hosts-the-7th-national-weee-congress\\\/\"},\"author\":{\"name\":\"Lara Mar\u00edn\",\"@id\":\"https:\\\/\\\/fundacion-ecotic.es\\\/en\\\/#\\\/schema\\\/person\\\/e2e3d498bdcc10cfd12f3bfafb9acd3e\"},\"headline\":\"A Coru\u00f1a hosts the 7th National WEEE Congress\",\"datePublished\":\"2025-10-02T10:22:13+00:00\",\"dateModified\":\"2025-10-02T10:30:13+00:00\",\"mainEntityOfPage\":{\"@id\":\"https:\\\/\\\/fundacion-ecotic.es\\\/en\\\/a-coruna-hosts-the-7th-national-weee-congress\\\/\"},\"wordCount\":225,\"publisher\":{\"@id\":\"https:\\\/\\\/fundacion-ecotic.es\\\/en\\\/#organization\"},\"image\":{\"@id\":\"https:\\\/\\\/fundacion-ecotic.es\\\/en\\\/a-coruna-hosts-the-7th-national-weee-congress\\\/#primaryimage\"},\"thumbnailUrl\":\"https:\\\/\\\/fundacion-ecotic.es\\\/wp-content\\\/uploads\\\/2025\\\/10\\\/PHOTO-2025-06-10-12-06-19.jpg\",\"inLanguage\":\"en-US\"},{\"@type\":\"WebPage\",\"@id\":\"https:\\\/\\\/fundacion-ecotic.es\\\/en\\\/a-coruna-hosts-the-7th-national-weee-congress\\\/\",\"url\":\"https:\\\/\\\/fundacion-ecotic.es\\\/en\\\/a-coruna-hosts-the-7th-national-weee-congress\\\/\",\"name\":\"A Coru\u00f1a hosts the 7th National WEEE Congress - Ecotic\",\"isPartOf\":{\"@id\":\"https:\\\/\\\/fundacion-ecotic.es\\\/en\\\/#website\"},\"primaryImageOfPage\":{\"@id\":\"https:\\\/\\\/fundacion-ecotic.es\\\/en\\\/a-coruna-hosts-the-7th-national-weee-congress\\\/#primaryimage\"},\"image\":{\"@id\":\"https:\\\/\\\/fundacion-ecotic.es\\\/en\\\/a-coruna-hosts-the-7th-national-weee-congress\\\/#primaryimage\"},\"thumbnailUrl\":\"https:\\\/\\\/fundacion-ecotic.es\\\/wp-content\\\/uploads\\\/2025\\\/10\\\/PHOTO-2025-06-10-12-06-19.jpg\",\"datePublished\":\"2025-10-02T10:22:13+00:00\",\"dateModified\":\"2025-10-02T10:30:13+00:00\",\"breadcrumb\":{\"@id\":\"https:\\\/\\\/fundacion-ecotic.es\\\/en\\\/a-coruna-hosts-the-7th-national-weee-congress\\\/#breadcrumb\"},\"inLanguage\":\"en-US\",\"potentialAction\":[{\"@type\":\"ReadAction\",\"target\":[\"https:\\\/\\\/fundacion-ecotic.es\\\/en\\\/a-coruna-hosts-the-7th-national-weee-congress\\\/\"]}]},{\"@type\":\"ImageObject\",\"inLanguage\":\"en-US\",\"@id\":\"https:\\\/\\\/fundacion-ecotic.es\\\/en\\\/a-coruna-hosts-the-7th-national-weee-congress\\\/#primaryimage\",\"url\":\"https:\\\/\\\/fundacion-ecotic.es\\\/wp-content\\\/uploads\\\/2025\\\/10\\\/PHOTO-2025-06-10-12-06-19.jpg\",\"contentUrl\":\"https:\\\/\\\/fundacion-ecotic.es\\\/wp-content\\\/uploads\\\/2025\\\/10\\\/PHOTO-2025-06-10-12-06-19.jpg\",\"width\":1600,\"height\":996},{\"@type\":\"BreadcrumbList\",\"@id\":\"https:\\\/\\\/fundacion-ecotic.es\\\/en\\\/a-coruna-hosts-the-7th-national-weee-congress\\\/#breadcrumb\",\"itemListElement\":[{\"@type\":\"ListItem\",\"position\":1,\"name\":\"Portada\",\"item\":\"https:\\\/\\\/fundacion-ecotic.es\\\/en\\\/\"},{\"@type\":\"ListItem\",\"position\":2,\"name\":\"A Coru\u00f1a hosts the 7th National WEEE Congress\"}]},{\"@type\":\"WebSite\",\"@id\":\"https:\\\/\\\/fundacion-ecotic.es\\\/en\\\/#website\",\"url\":\"https:\\\/\\\/fundacion-ecotic.es\\\/en\\\/\",\"name\":\"Ecotic\",\"description\":\"Ecotic\",\"publisher\":{\"@id\":\"https:\\\/\\\/fundacion-ecotic.es\\\/en\\\/#organization\"},\"potentialAction\":[{\"@type\":\"SearchAction\",\"target\":{\"@type\":\"EntryPoint\",\"urlTemplate\":\"https:\\\/\\\/fundacion-ecotic.es\\\/en\\\/?s={search_term_string}\"},\"query-input\":{\"@type\":\"PropertyValueSpecification\",\"valueRequired\":true,\"valueName\":\"search_term_string\"}}],\"inLanguage\":\"en-US\"},{\"@type\":\"Organization\",\"@id\":\"https:\\\/\\\/fundacion-ecotic.es\\\/en\\\/#organization\",\"name\":\"Ecotic\",\"url\":\"https:\\\/\\\/fundacion-ecotic.es\\\/en\\\/\",\"logo\":{\"@type\":\"ImageObject\",\"inLanguage\":\"en-US\",\"@id\":\"https:\\\/\\\/fundacion-ecotic.es\\\/en\\\/#\\\/schema\\\/logo\\\/image\\\/\",\"url\":\"https:\\\/\\\/fundacion-ecotic.es\\\/wp-content\\\/uploads\\\/2024\\\/04\\\/logo-ecotic-fundacion.png\",\"contentUrl\":\"https:\\\/\\\/fundacion-ecotic.es\\\/wp-content\\\/uploads\\\/2024\\\/04\\\/logo-ecotic-fundacion.png\",\"width\":102,\"height\":39,\"caption\":\"Ecotic\"},\"image\":{\"@id\":\"https:\\\/\\\/fundacion-ecotic.es\\\/en\\\/#\\\/schema\\\/logo\\\/image\\\/\"}},{\"@type\":\"Person\",\"@id\":\"https:\\\/\\\/fundacion-ecotic.es\\\/en\\\/#\\\/schema\\\/person\\\/e2e3d498bdcc10cfd12f3bfafb9acd3e\",\"name\":\"Lara Mar\u00edn\",\"image\":{\"@type\":\"ImageObject\",\"inLanguage\":\"en-US\",\"@id\":\"https:\\\/\\\/secure.gravatar.com\\\/avatar\\\/e5d21ae4c61482c4860334cc772d5bba135921d9ad05f385facae35789843b74?s=96&d=mm&r=g\",\"url\":\"https:\\\/\\\/secure.gravatar.com\\\/avatar\\\/e5d21ae4c61482c4860334cc772d5bba135921d9ad05f385facae35789843b74?s=96&d=mm&r=g\",\"contentUrl\":\"https:\\\/\\\/secure.gravatar.com\\\/avatar\\\/e5d21ae4c61482c4860334cc772d5bba135921d9ad05f385facae35789843b74?s=96&d=mm&r=g\",\"caption\":\"Lara Mar\u00edn\"},\"url\":\"https:\\\/\\\/fundacion-ecotic.es\\\/en\\\/author\\\/lara\\\/\"}]}<\/script>\n<!-- \/ Yoast SEO plugin. -->","yoast_head_json":{"title":"A Coru\u00f1a hosts the 7th National WEEE Congress - Ecotic","robots":{"index":"index","follow":"follow","max-snippet":"max-snippet:-1","max-image-preview":"max-image-preview:large","max-video-preview":"max-video-preview:-1"},"canonical":"https:\/\/fundacion-ecotic.es\/en\/a-coruna-hosts-the-7th-national-weee-congress\/","og_locale":"en_US","og_type":"article","og_title":"A Coru\u00f1a hosts the 7th National WEEE Congress - Ecotic","og_description":"On October 7 and 8, the city of A Coru\u00f1a will become the epicenter of circular economy and sustainability with the celebration of the 7th National Congress on Waste Electrical and Electronic Equipment (WEEE). Organized by OfiRAEE, with the support of the Xunta de Galicia, the event will bring together more than 300 experts, companies, [&hellip;]","og_url":"https:\/\/fundacion-ecotic.es\/en\/a-coruna-hosts-the-7th-national-weee-congress\/","og_site_name":"Ecotic","article_published_time":"2025-10-02T10:22:13+00:00","article_modified_time":"2025-10-02T10:30:13+00:00","og_image":[{"width":1600,"height":996,"url":"https:\/\/fundacion-ecotic.es\/wp-content\/uploads\/2025\/10\/PHOTO-2025-06-10-12-06-19.jpg","type":"image\/jpeg"}],"author":"Lara Mar\u00edn","twitter_card":"summary_large_image","twitter_misc":{"Written by":"Lara Mar\u00edn","Est. reading time":"1 minute"},"schema":{"@context":"https:\/\/schema.org","@graph":[{"@type":"Article","@id":"https:\/\/fundacion-ecotic.es\/en\/a-coruna-hosts-the-7th-national-weee-congress\/#article","isPartOf":{"@id":"https:\/\/fundacion-ecotic.es\/en\/a-coruna-hosts-the-7th-national-weee-congress\/"},"author":{"name":"Lara Mar\u00edn","@id":"https:\/\/fundacion-ecotic.es\/en\/#\/schema\/person\/e2e3d498bdcc10cfd12f3bfafb9acd3e"},"headline":"A Coru\u00f1a hosts the 7th National WEEE Congress","datePublished":"2025-10-02T10:22:13+00:00","dateModified":"2025-10-02T10:30:13+00:00","mainEntityOfPage":{"@id":"https:\/\/fundacion-ecotic.es\/en\/a-coruna-hosts-the-7th-national-weee-congress\/"},"wordCount":225,"publisher":{"@id":"https:\/\/fundacion-ecotic.es\/en\/#organization"},"image":{"@id":"https:\/\/fundacion-ecotic.es\/en\/a-coruna-hosts-the-7th-national-weee-congress\/#primaryimage"},"thumbnailUrl":"https:\/\/fundacion-ecotic.es\/wp-content\/uploads\/2025\/10\/PHOTO-2025-06-10-12-06-19.jpg","inLanguage":"en-US"},{"@type":"WebPage","@id":"https:\/\/fundacion-ecotic.es\/en\/a-coruna-hosts-the-7th-national-weee-congress\/","url":"https:\/\/fundacion-ecotic.es\/en\/a-coruna-hosts-the-7th-national-weee-congress\/","name":"A Coru\u00f1a hosts the 7th National WEEE Congress - Ecotic","isPartOf":{"@id":"https:\/\/fundacion-ecotic.es\/en\/#website"},"primaryImageOfPage":{"@id":"https:\/\/fundacion-ecotic.es\/en\/a-coruna-hosts-the-7th-national-weee-congress\/#primaryimage"},"image":{"@id":"https:\/\/fundacion-ecotic.es\/en\/a-coruna-hosts-the-7th-national-weee-congress\/#primaryimage"},"thumbnailUrl":"https:\/\/fundacion-ecotic.es\/wp-content\/uploads\/2025\/10\/PHOTO-2025-06-10-12-06-19.jpg","datePublished":"2025-10-02T10:22:13+00:00","dateModified":"2025-10-02T10:30:13+00:00","breadcrumb":{"@id":"https:\/\/fundacion-ecotic.es\/en\/a-coruna-hosts-the-7th-national-weee-congress\/#breadcrumb"},"inLanguage":"en-US","potentialAction":[{"@type":"ReadAction","target":["https:\/\/fundacion-ecotic.es\/en\/a-coruna-hosts-the-7th-national-weee-congress\/"]}]},{"@type":"ImageObject","inLanguage":"en-US","@id":"https:\/\/fundacion-ecotic.es\/en\/a-coruna-hosts-the-7th-national-weee-congress\/#primaryimage","url":"https:\/\/fundacion-ecotic.es\/wp-content\/uploads\/2025\/10\/PHOTO-2025-06-10-12-06-19.jpg","contentUrl":"https:\/\/fundacion-ecotic.es\/wp-content\/uploads\/2025\/10\/PHOTO-2025-06-10-12-06-19.jpg","width":1600,"height":996},{"@type":"BreadcrumbList","@id":"https:\/\/fundacion-ecotic.es\/en\/a-coruna-hosts-the-7th-national-weee-congress\/#breadcrumb","itemListElement":[{"@type":"ListItem","position":1,"name":"Portada","item":"https:\/\/fundacion-ecotic.es\/en\/"},{"@type":"ListItem","position":2,"name":"A Coru\u00f1a hosts the 7th National WEEE Congress"}]},{"@type":"WebSite","@id":"https:\/\/fundacion-ecotic.es\/en\/#website","url":"https:\/\/fundacion-ecotic.es\/en\/","name":"Ecotic","description":"Ecotic","publisher":{"@id":"https:\/\/fundacion-ecotic.es\/en\/#organization"},"potentialAction":[{"@type":"SearchAction","target":{"@type":"EntryPoint","urlTemplate":"https:\/\/fundacion-ecotic.es\/en\/?s={search_term_string}"},"query-input":{"@type":"PropertyValueSpecification","valueRequired":true,"valueName":"search_term_string"}}],"inLanguage":"en-US"},{"@type":"Organization","@id":"https:\/\/fundacion-ecotic.es\/en\/#organization","name":"Ecotic","url":"https:\/\/fundacion-ecotic.es\/en\/","logo":{"@type":"ImageObject","inLanguage":"en-US","@id":"https:\/\/fundacion-ecotic.es\/en\/#\/schema\/logo\/image\/","url":"https:\/\/fundacion-ecotic.es\/wp-content\/uploads\/2024\/04\/logo-ecotic-fundacion.png","contentUrl":"https:\/\/fundacion-ecotic.es\/wp-content\/uploads\/2024\/04\/logo-ecotic-fundacion.png","width":102,"height":39,"caption":"Ecotic"},"image":{"@id":"https:\/\/fundacion-ecotic.es\/en\/#\/schema\/logo\/image\/"}},{"@type":"Person","@id":"https:\/\/fundacion-ecotic.es\/en\/#\/schema\/person\/e2e3d498bdcc10cfd12f3bfafb9acd3e","name":"Lara Mar\u00edn","image":{"@type":"ImageObject","inLanguage":"en-US","@id":"https:\/\/secure.gravatar.com\/avatar\/e5d21ae4c61482c4860334cc772d5bba135921d9ad05f385facae35789843b74?s=96&d=mm&r=g","url":"https:\/\/secure.gravatar.com\/avatar\/e5d21ae4c61482c4860334cc772d5bba135921d9ad05f385facae35789843b74?s=96&d=mm&r=g","contentUrl":"https:\/\/secure.gravatar.com\/avatar\/e5d21ae4c61482c4860334cc772d5bba135921d9ad05f385facae35789843b74?s=96&d=mm&r=g","caption":"Lara Mar\u00edn"},"url":"https:\/\/fundacion-ecotic.es\/en\/author\/lara\/"}]}},"_links":{"self":[{"href":"https:\/\/fundacion-ecotic.es\/en\/wp-json\/wp\/v2\/posts\/6673","targetHints":{"allow":["GET"]}}],"collection":[{"href":"https:\/\/fundacion-ecotic.es\/en\/wp-json\/wp\/v2\/posts"}],"about":[{"href":"https:\/\/fundacion-ecotic.es\/en\/wp-json\/wp\/v2\/types\/post"}],"author":[{"embeddable":true,"href":"https:\/\/fundacion-ecotic.es\/en\/wp-json\/wp\/v2\/users\/3"}],"replies":[{"embeddable":true,"href":"https:\/\/fundacion-ecotic.es\/en\/wp-json\/wp\/v2\/comments?post=6673"}],"version-history":[{"count":1,"href":"https:\/\/fundacion-ecotic.es\/en\/wp-json\/wp\/v2\/posts\/6673\/revisions"}],"predecessor-version":[{"id":6674,"href":"https:\/\/fundacion-ecotic.es\/en\/wp-json\/wp\/v2\/posts\/6673\/revisions\/6674"}],"wp:featuredmedia":[{"embeddable":true,"href":"https:\/\/fundacion-ecotic.es\/en\/wp-json\/wp\/v2\/media\/6670"}],"wp:attachment":[{"href":"https:\/\/fundacion-ecotic.es\/en\/wp-json\/wp\/v2\/media?parent=6673"}],"wp:term":[{"taxonomy":"category","embeddable":true,"href":"https:\/\/fundacion-ecotic.es\/en\/wp-json\/wp\/v2\/categories?post=6673"},{"taxonomy":"post_tag","embeddable":true,"href":"https:\/\/fundacion-ecotic.es\/en\/wp-json\/wp\/v2\/tags?post=6673"}],"curies":[{"name":"wp","href":"https:\/\/api.w.org\/{rel}","templated":true}]}}