{"id":6748,"date":"2025-11-07T08:27:36","date_gmt":"2025-11-07T08:27:36","guid":{"rendered":"https:\/\/fundacion-ecotic.es\/recognising-collective-commitment-6th-edition-of-the-raeeimplicate-awards\/"},"modified":"2025-11-07T08:40:11","modified_gmt":"2025-11-07T08:40:11","slug":"recognising-collective-commitment-6th-edition-of-the-raeeimplicate-awards","status":"publish","type":"post","link":"https:\/\/fundacion-ecotic.es\/en\/recognising-collective-commitment-6th-edition-of-the-raeeimplicate-awards\/","title":{"rendered":"Recognising Collective Commitment: 6th Edition of the RAEEimpl\u00edcate Awards"},"content":{"rendered":"\n<p>ECOTIC\u2019s General Manager, <strong>Andreu Vil\u00e0<\/strong>, delivered the opening speech at the <strong>VI edition of the RAEEimpl\u00edcate awards<\/strong>, held in Seville and organized by <strong>FAEL (Federaci\u00f3n Andaluza de Electrodom\u00e9sticos y Otros Equipamientos del Hogar)<\/strong>, with the support of <strong>RAEE Andaluc\u00eda<\/strong>, <strong>Consejer\u00eda de Sostenibilidad, Medio Ambiente y Econom\u00eda Azul<\/strong>, <strong>FAMP<\/strong> and the <strong>SCRAPs<\/strong> that are part of the Andalusian agreement.<\/p>\n\n<p>During his address, Vil\u00e0 highlighted the significance of these awards as a recognition of Andalusian retailers\u2019 commitment to the responsible management of waste electrical and electronic equipment (WEEE), and emphasized the success of the multi-SCRAP agreement with FAEL, which has been in place for more than twelve years:<\/p>\n\n<blockquote class=\"wp-block-quote is-layout-flow wp-block-quote-is-layout-flow\">\n<p><em>\u201cThis agreement demonstrates that cooperation \u2014even among competitors\u2014 is possible when the shared goal is to protect the environment and improve the sustainability of the sector. Cooperation multiplies results.\u201d<\/em><\/p>\n<\/blockquote>\n\n<p>Vil\u00e0 also underscored the importance of the concept of <strong>\u201ccoopetition\u201d<\/strong>, a combination of cooperation and competition that perfectly captures the spirit of this partnership:<\/p>\n\n<blockquote class=\"wp-block-quote is-layout-flow wp-block-quote-is-layout-flow\">\n<p><em>\u201cWe compete in the market, but we collaborate in sustainability. Waste management knows no brands or market shares \u2014 it is a shared responsibility that can only be tackled by working together.\u201d<\/em><\/p>\n<\/blockquote>\n\n<p>In his speech, Vil\u00e0 reviewed the achievements reached so far \u2014more than <strong>80.000 tones of WEEE properly managed<\/strong> in Andaluc\u00eda\u2014 and encouraged continued progress in <strong>administrative simplification, digitalization, the fight against unfair competition, and the strengthening of public-private collaboration.<\/strong><\/p>\n\n<p>The event brought together institutional representatives, companies, waste management operators, and environmental organizations in a ceremony that celebrated the collective effort to promote circular economy and sustainability in Andalusia.<\/p>\n\n<figure class=\"wp-block-gallery has-nested-images columns-default is-cropped wp-block-gallery-1 is-layout-flex wp-block-gallery-is-layout-flex\">\n<figure class=\"wp-block-image size-large\"><img fetchpriority=\"high\" decoding=\"async\" width=\"1030\" height=\"687\" data-id=\"6739\" src=\"https:\/\/fundacion-ecotic.es\/wp-content\/uploads\/2025\/11\/Andreu-Vila-3-2-1030x687.jpg\" alt=\"\" class=\"wp-image-6739\" srcset=\"https:\/\/fundacion-ecotic.es\/wp-content\/uploads\/2025\/11\/Andreu-Vila-3-2-1030x687.jpg 1030w, https:\/\/fundacion-ecotic.es\/wp-content\/uploads\/2025\/11\/Andreu-Vila-3-2-300x200.jpg 300w, https:\/\/fundacion-ecotic.es\/wp-content\/uploads\/2025\/11\/Andreu-Vila-3-2-768x512.jpg 768w, https:\/\/fundacion-ecotic.es\/wp-content\/uploads\/2025\/11\/Andreu-Vila-3-2.jpg 1440w\" sizes=\"(max-width: 1030px) 100vw, 1030px\" \/><\/figure>\n\n\n\n<figure class=\"wp-block-image size-large\"><img decoding=\"async\" width=\"687\" height=\"1030\" data-id=\"6731\" src=\"https:\/\/fundacion-ecotic.es\/wp-content\/uploads\/2025\/11\/Andreu-Vila-9-687x1030.jpg\" alt=\"\" class=\"wp-image-6731\" srcset=\"https:\/\/fundacion-ecotic.es\/wp-content\/uploads\/2025\/11\/Andreu-Vila-9-687x1030.jpg 687w, https:\/\/fundacion-ecotic.es\/wp-content\/uploads\/2025\/11\/Andreu-Vila-9-200x300.jpg 200w, https:\/\/fundacion-ecotic.es\/wp-content\/uploads\/2025\/11\/Andreu-Vila-9-768x1152.jpg 768w, https:\/\/fundacion-ecotic.es\/wp-content\/uploads\/2025\/11\/Andreu-Vila-9.jpg 800w\" sizes=\"(max-width: 687px) 100vw, 687px\" \/><\/figure>\n\n\n\n<figure class=\"wp-block-image size-large\"><img decoding=\"async\" width=\"1030\" height=\"687\" data-id=\"6734\" src=\"https:\/\/fundacion-ecotic.es\/wp-content\/uploads\/2025\/11\/Andreu-Vila-12-1030x687.jpg\" alt=\"\" class=\"wp-image-6734\" srcset=\"https:\/\/fundacion-ecotic.es\/wp-content\/uploads\/2025\/11\/Andreu-Vila-12-1030x687.jpg 1030w, https:\/\/fundacion-ecotic.es\/wp-content\/uploads\/2025\/11\/Andreu-Vila-12-300x200.jpg 300w, https:\/\/fundacion-ecotic.es\/wp-content\/uploads\/2025\/11\/Andreu-Vila-12-768x512.jpg 768w, https:\/\/fundacion-ecotic.es\/wp-content\/uploads\/2025\/11\/Andreu-Vila-12.jpg 1200w\" sizes=\"(max-width: 1030px) 100vw, 1030px\" \/><\/figure>\n\n\n\n<figure class=\"wp-block-image size-large\"><img loading=\"lazy\" decoding=\"async\" width=\"1030\" height=\"649\" data-id=\"6743\" src=\"https:\/\/fundacion-ecotic.es\/wp-content\/uploads\/2025\/11\/1761912780499-1030x649.jpg\" alt=\"\" class=\"wp-image-6743\" srcset=\"https:\/\/fundacion-ecotic.es\/wp-content\/uploads\/2025\/11\/1761912780499-1030x649.jpg 1030w, https:\/\/fundacion-ecotic.es\/wp-content\/uploads\/2025\/11\/1761912780499-300x189.jpg 300w, https:\/\/fundacion-ecotic.es\/wp-content\/uploads\/2025\/11\/1761912780499-768x484.jpg 768w, https:\/\/fundacion-ecotic.es\/wp-content\/uploads\/2025\/11\/1761912780499-1536x968.jpg 1536w, https:\/\/fundacion-ecotic.es\/wp-content\/uploads\/2025\/11\/1761912780499.jpg 2048w\" sizes=\"(max-width: 1030px) 100vw, 1030px\" \/><\/figure>\n<\/figure>\n","protected":false},"excerpt":{"rendered":"<p>ECOTIC\u2019s General Manager, Andreu Vil\u00e0, delivered the opening speech at the VI edition of the RAEEimpl\u00edcate awards, held in Seville and organized by FAEL (Federaci\u00f3n Andaluza de Electrodom\u00e9sticos y Otros Equipamientos del Hogar), with the support of RAEE Andaluc\u00eda, Consejer\u00eda de Sostenibilidad, Medio Ambiente y Econom\u00eda Azul, FAMP and the SCRAPs that are part of [&hellip;]<\/p>\n","protected":false},"author":3,"featured_media":6724,"comment_status":"closed","ping_status":"closed","sticky":false,"template":"","format":"standard","meta":{"footnotes":""},"categories":[12],"tags":[],"class_list":["post-6748","post","type-post","status-publish","format-standard","has-post-thumbnail","hentry","category-uncategorized"],"yoast_head":"<!-- This site is optimized with the Yoast SEO plugin v27.4 - https:\/\/yoast.com\/product\/yoast-seo-wordpress\/ -->\n<title>Recognising Collective Commitment: 6th Edition of the RAEEimpl\u00edcate Awards - Ecotic<\/title>\n<meta name=\"robots\" content=\"index, follow, max-snippet:-1, max-image-preview:large, max-video-preview:-1\" \/>\n<link rel=\"canonical\" href=\"https:\/\/fundacion-ecotic.es\/en\/recognising-collective-commitment-6th-edition-of-the-raeeimplicate-awards\/\" \/>\n<meta property=\"og:locale\" content=\"en_US\" \/>\n<meta property=\"og:type\" content=\"article\" \/>\n<meta property=\"og:title\" content=\"Recognising Collective Commitment: 6th Edition of the RAEEimpl\u00edcate Awards - Ecotic\" \/>\n<meta property=\"og:description\" content=\"ECOTIC\u2019s General Manager, Andreu Vil\u00e0, delivered the opening speech at the VI edition of the RAEEimpl\u00edcate awards, held in Seville and organized by FAEL (Federaci\u00f3n Andaluza de Electrodom\u00e9sticos y Otros Equipamientos del Hogar), with the support of RAEE Andaluc\u00eda, Consejer\u00eda de Sostenibilidad, Medio Ambiente y Econom\u00eda Azul, FAMP and the SCRAPs that are part of [&hellip;]\" \/>\n<meta property=\"og:url\" content=\"https:\/\/fundacion-ecotic.es\/en\/recognising-collective-commitment-6th-edition-of-the-raeeimplicate-awards\/\" \/>\n<meta property=\"og:site_name\" content=\"Ecotic\" \/>\n<meta property=\"article:published_time\" content=\"2025-11-07T08:27:36+00:00\" \/>\n<meta property=\"article:modified_time\" content=\"2025-11-07T08:40:11+00:00\" \/>\n<meta property=\"og:image\" content=\"https:\/\/fundacion-ecotic.es\/wp-content\/uploads\/2025\/11\/Andreu-Vila-6.jpg\" \/>\n\t<meta property=\"og:image:width\" content=\"1440\" \/>\n\t<meta property=\"og:image:height\" content=\"960\" \/>\n\t<meta property=\"og:image:type\" content=\"image\/jpeg\" \/>\n<meta name=\"author\" content=\"Lara Mar\u00edn\" \/>\n<meta name=\"twitter:card\" content=\"summary_large_image\" \/>\n<meta name=\"twitter:label1\" content=\"Written by\" \/>\n\t<meta name=\"twitter:data1\" content=\"Lara Mar\u00edn\" \/>\n\t<meta name=\"twitter:label2\" content=\"Est. reading time\" \/>\n\t<meta name=\"twitter:data2\" content=\"1 minute\" \/>\n<script type=\"application\/ld+json\" class=\"yoast-schema-graph\">{\"@context\":\"https:\\\/\\\/schema.org\",\"@graph\":[{\"@type\":\"Article\",\"@id\":\"https:\\\/\\\/fundacion-ecotic.es\\\/en\\\/recognising-collective-commitment-6th-edition-of-the-raeeimplicate-awards\\\/#article\",\"isPartOf\":{\"@id\":\"https:\\\/\\\/fundacion-ecotic.es\\\/en\\\/recognising-collective-commitment-6th-edition-of-the-raeeimplicate-awards\\\/\"},\"author\":{\"name\":\"Lara Mar\u00edn\",\"@id\":\"https:\\\/\\\/fundacion-ecotic.es\\\/en\\\/#\\\/schema\\\/person\\\/e2e3d498bdcc10cfd12f3bfafb9acd3e\"},\"headline\":\"Recognising Collective Commitment: 6th Edition of the RAEEimpl\u00edcate Awards\",\"datePublished\":\"2025-11-07T08:27:36+00:00\",\"dateModified\":\"2025-11-07T08:40:11+00:00\",\"mainEntityOfPage\":{\"@id\":\"https:\\\/\\\/fundacion-ecotic.es\\\/en\\\/recognising-collective-commitment-6th-edition-of-the-raeeimplicate-awards\\\/\"},\"wordCount\":275,\"publisher\":{\"@id\":\"https:\\\/\\\/fundacion-ecotic.es\\\/en\\\/#organization\"},\"image\":{\"@id\":\"https:\\\/\\\/fundacion-ecotic.es\\\/en\\\/recognising-collective-commitment-6th-edition-of-the-raeeimplicate-awards\\\/#primaryimage\"},\"thumbnailUrl\":\"https:\\\/\\\/fundacion-ecotic.es\\\/wp-content\\\/uploads\\\/2025\\\/11\\\/Andreu-Vila-6.jpg\",\"inLanguage\":\"en-US\"},{\"@type\":\"WebPage\",\"@id\":\"https:\\\/\\\/fundacion-ecotic.es\\\/en\\\/recognising-collective-commitment-6th-edition-of-the-raeeimplicate-awards\\\/\",\"url\":\"https:\\\/\\\/fundacion-ecotic.es\\\/en\\\/recognising-collective-commitment-6th-edition-of-the-raeeimplicate-awards\\\/\",\"name\":\"Recognising Collective Commitment: 6th Edition of the RAEEimpl\u00edcate Awards - Ecotic\",\"isPartOf\":{\"@id\":\"https:\\\/\\\/fundacion-ecotic.es\\\/en\\\/#website\"},\"primaryImageOfPage\":{\"@id\":\"https:\\\/\\\/fundacion-ecotic.es\\\/en\\\/recognising-collective-commitment-6th-edition-of-the-raeeimplicate-awards\\\/#primaryimage\"},\"image\":{\"@id\":\"https:\\\/\\\/fundacion-ecotic.es\\\/en\\\/recognising-collective-commitment-6th-edition-of-the-raeeimplicate-awards\\\/#primaryimage\"},\"thumbnailUrl\":\"https:\\\/\\\/fundacion-ecotic.es\\\/wp-content\\\/uploads\\\/2025\\\/11\\\/Andreu-Vila-6.jpg\",\"datePublished\":\"2025-11-07T08:27:36+00:00\",\"dateModified\":\"2025-11-07T08:40:11+00:00\",\"breadcrumb\":{\"@id\":\"https:\\\/\\\/fundacion-ecotic.es\\\/en\\\/recognising-collective-commitment-6th-edition-of-the-raeeimplicate-awards\\\/#breadcrumb\"},\"inLanguage\":\"en-US\",\"potentialAction\":[{\"@type\":\"ReadAction\",\"target\":[\"https:\\\/\\\/fundacion-ecotic.es\\\/en\\\/recognising-collective-commitment-6th-edition-of-the-raeeimplicate-awards\\\/\"]}]},{\"@type\":\"ImageObject\",\"inLanguage\":\"en-US\",\"@id\":\"https:\\\/\\\/fundacion-ecotic.es\\\/en\\\/recognising-collective-commitment-6th-edition-of-the-raeeimplicate-awards\\\/#primaryimage\",\"url\":\"https:\\\/\\\/fundacion-ecotic.es\\\/wp-content\\\/uploads\\\/2025\\\/11\\\/Andreu-Vila-6.jpg\",\"contentUrl\":\"https:\\\/\\\/fundacion-ecotic.es\\\/wp-content\\\/uploads\\\/2025\\\/11\\\/Andreu-Vila-6.jpg\",\"width\":1440,\"height\":960},{\"@type\":\"BreadcrumbList\",\"@id\":\"https:\\\/\\\/fundacion-ecotic.es\\\/en\\\/recognising-collective-commitment-6th-edition-of-the-raeeimplicate-awards\\\/#breadcrumb\",\"itemListElement\":[{\"@type\":\"ListItem\",\"position\":1,\"name\":\"Portada\",\"item\":\"https:\\\/\\\/fundacion-ecotic.es\\\/en\\\/\"},{\"@type\":\"ListItem\",\"position\":2,\"name\":\"Recognising Collective Commitment: 6th Edition of the RAEEimpl\u00edcate Awards\"}]},{\"@type\":\"WebSite\",\"@id\":\"https:\\\/\\\/fundacion-ecotic.es\\\/en\\\/#website\",\"url\":\"https:\\\/\\\/fundacion-ecotic.es\\\/en\\\/\",\"name\":\"Ecotic\",\"description\":\"Ecotic\",\"publisher\":{\"@id\":\"https:\\\/\\\/fundacion-ecotic.es\\\/en\\\/#organization\"},\"potentialAction\":[{\"@type\":\"SearchAction\",\"target\":{\"@type\":\"EntryPoint\",\"urlTemplate\":\"https:\\\/\\\/fundacion-ecotic.es\\\/en\\\/?s={search_term_string}\"},\"query-input\":{\"@type\":\"PropertyValueSpecification\",\"valueRequired\":true,\"valueName\":\"search_term_string\"}}],\"inLanguage\":\"en-US\"},{\"@type\":\"Organization\",\"@id\":\"https:\\\/\\\/fundacion-ecotic.es\\\/en\\\/#organization\",\"name\":\"Ecotic\",\"url\":\"https:\\\/\\\/fundacion-ecotic.es\\\/en\\\/\",\"logo\":{\"@type\":\"ImageObject\",\"inLanguage\":\"en-US\",\"@id\":\"https:\\\/\\\/fundacion-ecotic.es\\\/en\\\/#\\\/schema\\\/logo\\\/image\\\/\",\"url\":\"https:\\\/\\\/fundacion-ecotic.es\\\/wp-content\\\/uploads\\\/2024\\\/04\\\/logo-ecotic-fundacion.png\",\"contentUrl\":\"https:\\\/\\\/fundacion-ecotic.es\\\/wp-content\\\/uploads\\\/2024\\\/04\\\/logo-ecotic-fundacion.png\",\"width\":102,\"height\":39,\"caption\":\"Ecotic\"},\"image\":{\"@id\":\"https:\\\/\\\/fundacion-ecotic.es\\\/en\\\/#\\\/schema\\\/logo\\\/image\\\/\"}},{\"@type\":\"Person\",\"@id\":\"https:\\\/\\\/fundacion-ecotic.es\\\/en\\\/#\\\/schema\\\/person\\\/e2e3d498bdcc10cfd12f3bfafb9acd3e\",\"name\":\"Lara Mar\u00edn\",\"image\":{\"@type\":\"ImageObject\",\"inLanguage\":\"en-US\",\"@id\":\"https:\\\/\\\/secure.gravatar.com\\\/avatar\\\/e5d21ae4c61482c4860334cc772d5bba135921d9ad05f385facae35789843b74?s=96&d=mm&r=g\",\"url\":\"https:\\\/\\\/secure.gravatar.com\\\/avatar\\\/e5d21ae4c61482c4860334cc772d5bba135921d9ad05f385facae35789843b74?s=96&d=mm&r=g\",\"contentUrl\":\"https:\\\/\\\/secure.gravatar.com\\\/avatar\\\/e5d21ae4c61482c4860334cc772d5bba135921d9ad05f385facae35789843b74?s=96&d=mm&r=g\",\"caption\":\"Lara Mar\u00edn\"},\"url\":\"https:\\\/\\\/fundacion-ecotic.es\\\/en\\\/author\\\/lara\\\/\"}]}<\/script>\n<!-- \/ Yoast SEO plugin. -->","yoast_head_json":{"title":"Recognising Collective Commitment: 6th Edition of the RAEEimpl\u00edcate Awards - Ecotic","robots":{"index":"index","follow":"follow","max-snippet":"max-snippet:-1","max-image-preview":"max-image-preview:large","max-video-preview":"max-video-preview:-1"},"canonical":"https:\/\/fundacion-ecotic.es\/en\/recognising-collective-commitment-6th-edition-of-the-raeeimplicate-awards\/","og_locale":"en_US","og_type":"article","og_title":"Recognising Collective Commitment: 6th Edition of the RAEEimpl\u00edcate Awards - Ecotic","og_description":"ECOTIC\u2019s General Manager, Andreu Vil\u00e0, delivered the opening speech at the VI edition of the RAEEimpl\u00edcate awards, held in Seville and organized by FAEL (Federaci\u00f3n Andaluza de Electrodom\u00e9sticos y Otros Equipamientos del Hogar), with the support of RAEE Andaluc\u00eda, Consejer\u00eda de Sostenibilidad, Medio Ambiente y Econom\u00eda Azul, FAMP and the SCRAPs that are part of [&hellip;]","og_url":"https:\/\/fundacion-ecotic.es\/en\/recognising-collective-commitment-6th-edition-of-the-raeeimplicate-awards\/","og_site_name":"Ecotic","article_published_time":"2025-11-07T08:27:36+00:00","article_modified_time":"2025-11-07T08:40:11+00:00","og_image":[{"width":1440,"height":960,"url":"https:\/\/fundacion-ecotic.es\/wp-content\/uploads\/2025\/11\/Andreu-Vila-6.jpg","type":"image\/jpeg"}],"author":"Lara Mar\u00edn","twitter_card":"summary_large_image","twitter_misc":{"Written by":"Lara Mar\u00edn","Est. reading time":"1 minute"},"schema":{"@context":"https:\/\/schema.org","@graph":[{"@type":"Article","@id":"https:\/\/fundacion-ecotic.es\/en\/recognising-collective-commitment-6th-edition-of-the-raeeimplicate-awards\/#article","isPartOf":{"@id":"https:\/\/fundacion-ecotic.es\/en\/recognising-collective-commitment-6th-edition-of-the-raeeimplicate-awards\/"},"author":{"name":"Lara Mar\u00edn","@id":"https:\/\/fundacion-ecotic.es\/en\/#\/schema\/person\/e2e3d498bdcc10cfd12f3bfafb9acd3e"},"headline":"Recognising Collective Commitment: 6th Edition of the RAEEimpl\u00edcate Awards","datePublished":"2025-11-07T08:27:36+00:00","dateModified":"2025-11-07T08:40:11+00:00","mainEntityOfPage":{"@id":"https:\/\/fundacion-ecotic.es\/en\/recognising-collective-commitment-6th-edition-of-the-raeeimplicate-awards\/"},"wordCount":275,"publisher":{"@id":"https:\/\/fundacion-ecotic.es\/en\/#organization"},"image":{"@id":"https:\/\/fundacion-ecotic.es\/en\/recognising-collective-commitment-6th-edition-of-the-raeeimplicate-awards\/#primaryimage"},"thumbnailUrl":"https:\/\/fundacion-ecotic.es\/wp-content\/uploads\/2025\/11\/Andreu-Vila-6.jpg","inLanguage":"en-US"},{"@type":"WebPage","@id":"https:\/\/fundacion-ecotic.es\/en\/recognising-collective-commitment-6th-edition-of-the-raeeimplicate-awards\/","url":"https:\/\/fundacion-ecotic.es\/en\/recognising-collective-commitment-6th-edition-of-the-raeeimplicate-awards\/","name":"Recognising Collective Commitment: 6th Edition of the RAEEimpl\u00edcate Awards - Ecotic","isPartOf":{"@id":"https:\/\/fundacion-ecotic.es\/en\/#website"},"primaryImageOfPage":{"@id":"https:\/\/fundacion-ecotic.es\/en\/recognising-collective-commitment-6th-edition-of-the-raeeimplicate-awards\/#primaryimage"},"image":{"@id":"https:\/\/fundacion-ecotic.es\/en\/recognising-collective-commitment-6th-edition-of-the-raeeimplicate-awards\/#primaryimage"},"thumbnailUrl":"https:\/\/fundacion-ecotic.es\/wp-content\/uploads\/2025\/11\/Andreu-Vila-6.jpg","datePublished":"2025-11-07T08:27:36+00:00","dateModified":"2025-11-07T08:40:11+00:00","breadcrumb":{"@id":"https:\/\/fundacion-ecotic.es\/en\/recognising-collective-commitment-6th-edition-of-the-raeeimplicate-awards\/#breadcrumb"},"inLanguage":"en-US","potentialAction":[{"@type":"ReadAction","target":["https:\/\/fundacion-ecotic.es\/en\/recognising-collective-commitment-6th-edition-of-the-raeeimplicate-awards\/"]}]},{"@type":"ImageObject","inLanguage":"en-US","@id":"https:\/\/fundacion-ecotic.es\/en\/recognising-collective-commitment-6th-edition-of-the-raeeimplicate-awards\/#primaryimage","url":"https:\/\/fundacion-ecotic.es\/wp-content\/uploads\/2025\/11\/Andreu-Vila-6.jpg","contentUrl":"https:\/\/fundacion-ecotic.es\/wp-content\/uploads\/2025\/11\/Andreu-Vila-6.jpg","width":1440,"height":960},{"@type":"BreadcrumbList","@id":"https:\/\/fundacion-ecotic.es\/en\/recognising-collective-commitment-6th-edition-of-the-raeeimplicate-awards\/#breadcrumb","itemListElement":[{"@type":"ListItem","position":1,"name":"Portada","item":"https:\/\/fundacion-ecotic.es\/en\/"},{"@type":"ListItem","position":2,"name":"Recognising Collective Commitment: 6th Edition of the RAEEimpl\u00edcate Awards"}]},{"@type":"WebSite","@id":"https:\/\/fundacion-ecotic.es\/en\/#website","url":"https:\/\/fundacion-ecotic.es\/en\/","name":"Ecotic","description":"Ecotic","publisher":{"@id":"https:\/\/fundacion-ecotic.es\/en\/#organization"},"potentialAction":[{"@type":"SearchAction","target":{"@type":"EntryPoint","urlTemplate":"https:\/\/fundacion-ecotic.es\/en\/?s={search_term_string}"},"query-input":{"@type":"PropertyValueSpecification","valueRequired":true,"valueName":"search_term_string"}}],"inLanguage":"en-US"},{"@type":"Organization","@id":"https:\/\/fundacion-ecotic.es\/en\/#organization","name":"Ecotic","url":"https:\/\/fundacion-ecotic.es\/en\/","logo":{"@type":"ImageObject","inLanguage":"en-US","@id":"https:\/\/fundacion-ecotic.es\/en\/#\/schema\/logo\/image\/","url":"https:\/\/fundacion-ecotic.es\/wp-content\/uploads\/2024\/04\/logo-ecotic-fundacion.png","contentUrl":"https:\/\/fundacion-ecotic.es\/wp-content\/uploads\/2024\/04\/logo-ecotic-fundacion.png","width":102,"height":39,"caption":"Ecotic"},"image":{"@id":"https:\/\/fundacion-ecotic.es\/en\/#\/schema\/logo\/image\/"}},{"@type":"Person","@id":"https:\/\/fundacion-ecotic.es\/en\/#\/schema\/person\/e2e3d498bdcc10cfd12f3bfafb9acd3e","name":"Lara Mar\u00edn","image":{"@type":"ImageObject","inLanguage":"en-US","@id":"https:\/\/secure.gravatar.com\/avatar\/e5d21ae4c61482c4860334cc772d5bba135921d9ad05f385facae35789843b74?s=96&d=mm&r=g","url":"https:\/\/secure.gravatar.com\/avatar\/e5d21ae4c61482c4860334cc772d5bba135921d9ad05f385facae35789843b74?s=96&d=mm&r=g","contentUrl":"https:\/\/secure.gravatar.com\/avatar\/e5d21ae4c61482c4860334cc772d5bba135921d9ad05f385facae35789843b74?s=96&d=mm&r=g","caption":"Lara Mar\u00edn"},"url":"https:\/\/fundacion-ecotic.es\/en\/author\/lara\/"}]}},"_links":{"self":[{"href":"https:\/\/fundacion-ecotic.es\/en\/wp-json\/wp\/v2\/posts\/6748","targetHints":{"allow":["GET"]}}],"collection":[{"href":"https:\/\/fundacion-ecotic.es\/en\/wp-json\/wp\/v2\/posts"}],"about":[{"href":"https:\/\/fundacion-ecotic.es\/en\/wp-json\/wp\/v2\/types\/post"}],"author":[{"embeddable":true,"href":"https:\/\/fundacion-ecotic.es\/en\/wp-json\/wp\/v2\/users\/3"}],"replies":[{"embeddable":true,"href":"https:\/\/fundacion-ecotic.es\/en\/wp-json\/wp\/v2\/comments?post=6748"}],"version-history":[{"count":1,"href":"https:\/\/fundacion-ecotic.es\/en\/wp-json\/wp\/v2\/posts\/6748\/revisions"}],"predecessor-version":[{"id":6749,"href":"https:\/\/fundacion-ecotic.es\/en\/wp-json\/wp\/v2\/posts\/6748\/revisions\/6749"}],"wp:featuredmedia":[{"embeddable":true,"href":"https:\/\/fundacion-ecotic.es\/en\/wp-json\/wp\/v2\/media\/6724"}],"wp:attachment":[{"href":"https:\/\/fundacion-ecotic.es\/en\/wp-json\/wp\/v2\/media?parent=6748"}],"wp:term":[{"taxonomy":"category","embeddable":true,"href":"https:\/\/fundacion-ecotic.es\/en\/wp-json\/wp\/v2\/categories?post=6748"},{"taxonomy":"post_tag","embeddable":true,"href":"https:\/\/fundacion-ecotic.es\/en\/wp-json\/wp\/v2\/tags?post=6748"}],"curies":[{"name":"wp","href":"https:\/\/api.w.org\/{rel}","templated":true}]}}