{"id":6762,"date":"2025-10-14T13:51:53","date_gmt":"2025-10-14T13:51:53","guid":{"rendered":"https:\/\/fundacion-ecotic.es\/the-7th-national-weee-congress-brings-together-the-debate-on-the-future-of-recycling-and-critical-materials-in-a-coruna\/"},"modified":"2025-11-07T11:06:58","modified_gmt":"2025-11-07T11:06:58","slug":"the-7th-national-weee-congress-brings-together-the-debate-on-the-future-of-recycling-and-critical-materials-in-a-coruna","status":"publish","type":"post","link":"https:\/\/fundacion-ecotic.es\/en\/the-7th-national-weee-congress-brings-together-the-debate-on-the-future-of-recycling-and-critical-materials-in-a-coruna\/","title":{"rendered":"The 7th National WEEE Congress brings together the debate on the future of recycling and critical materials in A Coru\u00f1a"},"content":{"rendered":"\n<p><strong>A Coru\u00f1a hosted a new edition of the National WEEE Congress<\/strong>, a meeting point where authorities, producers, and collective systems agreed on a key message: public-private collaboration and constructive dialogue among all stakeholders are essential to align goals, improve regulation, and provide legal certainty across the entire value chain. <\/p>\n\n<p>The event was promoted by OfiRAEE\u2019s member SCRAPs with the support of the Xunta de Galicia: ECOTIC, AMBILAMP, Fundaci\u00f3n ECOLUM, Fundaci\u00f3n ECOLEC, European Recycling Platform (ERP), Fundaci\u00f3n Eco-Raee\u2019s, and Recyclia\/Ecopilas.<\/p>\n\n<p>During the opening session, <strong>Andreu Vil\u00e0, General Director of ECOTIC and President of OfiRAEE<\/strong>, highlighted that <em>\u201cthe proper management of waste electrical and electronic equipment is not only a legal obligation but also an opportunity to promote a more conscious consumption model, create jobs, and leave a positive legacy for future generations.\u201d<\/em><\/p>\n\n<figure class=\"wp-block-image size-large\"><img fetchpriority=\"high\" decoding=\"async\" width=\"1030\" height=\"688\" src=\"https:\/\/fundacion-ecotic.es\/wp-content\/uploads\/2025\/10\/WhatsApp-Image-2025-10-07-at-13.29.45-1-1030x688.jpeg\" alt=\"\" class=\"wp-image-6697\" srcset=\"https:\/\/fundacion-ecotic.es\/wp-content\/uploads\/2025\/10\/WhatsApp-Image-2025-10-07-at-13.29.45-1-1030x688.jpeg 1030w, https:\/\/fundacion-ecotic.es\/wp-content\/uploads\/2025\/10\/WhatsApp-Image-2025-10-07-at-13.29.45-1-300x200.jpeg 300w, https:\/\/fundacion-ecotic.es\/wp-content\/uploads\/2025\/10\/WhatsApp-Image-2025-10-07-at-13.29.45-1-768x513.jpeg 768w, https:\/\/fundacion-ecotic.es\/wp-content\/uploads\/2025\/10\/WhatsApp-Image-2025-10-07-at-13.29.45-1-1536x1026.jpeg 1536w, https:\/\/fundacion-ecotic.es\/wp-content\/uploads\/2025\/10\/WhatsApp-Image-2025-10-07-at-13.29.45-1-2048x1368.jpeg 2048w\" sizes=\"(max-width: 1030px) 100vw, 1030px\" \/><figcaption class=\"wp-element-caption\"><em>Andreu Vil\u00e0 speaking to the media ahead of the Congress.<\/em><\/figcaption><\/figure>\n\n<h3 class=\"wp-block-heading\">Europe accelerates: new legislation and ambitious goals<\/h3>\n\n<p>Entre los temas abordados destacaron: The first day of the Congress focused on analysing the new <strong>European Circular Economy legislation<\/strong>, including the upcoming European Circular Economy Act, aimed at strengthening reuse, decarbonisation, and the creation of a single market for secondary raw materials.<br\/>Key topics discussed included:<\/p>\n\n<ul class=\"wp-block-list\">\n<li>Promoting repair and refurbishment.<\/li>\n\n\n\n<li>Boosting technological innovation in recycling plants.<\/li>\n\n\n\n<li>Highlighting the importance of public-private cooperation to achieve the EU\u2019s collection and recycling targets.<\/li>\n<\/ul>\n\n<h3 class=\"wp-block-heading\">Local momentum for selective collection<\/h3>\n\n<p>At the regional level, the implementation of the fifth waste container in A Coru\u00f1a was highlighted as an important step toward reducing landfill waste and improving source separation.<br\/>In addition, the Galician Government\u2019s WEEE management agreement now includes over 170 municipalities \u2014representing 55% of the total in Galicia\u2014 with the goal of expanding coverage across the entire region. <\/p>\n\n<figure class=\"wp-block-image size-large\"><img decoding=\"async\" width=\"1030\" height=\"773\" src=\"https:\/\/fundacion-ecotic.es\/wp-content\/uploads\/2025\/10\/CNRAEE-25-4-1-1030x773.jpeg\" alt=\"\" class=\"wp-image-6700\" srcset=\"https:\/\/fundacion-ecotic.es\/wp-content\/uploads\/2025\/10\/CNRAEE-25-4-1-1030x773.jpeg 1030w, https:\/\/fundacion-ecotic.es\/wp-content\/uploads\/2025\/10\/CNRAEE-25-4-1-300x225.jpeg 300w, https:\/\/fundacion-ecotic.es\/wp-content\/uploads\/2025\/10\/CNRAEE-25-4-1-768x576.jpeg 768w, https:\/\/fundacion-ecotic.es\/wp-content\/uploads\/2025\/10\/CNRAEE-25-4-1-1536x1152.jpeg 1536w, https:\/\/fundacion-ecotic.es\/wp-content\/uploads\/2025\/10\/CNRAEE-25-4-1.jpeg 1600w\" sizes=\"(max-width: 1030px) 100vw, 1030px\" \/><figcaption class=\"wp-element-caption\"><em>The official presentation took place at MEGA, the Estrella Galicia Museum, in A Coru\u00f1a.<\/em><\/figcaption><\/figure>\n\n<h3 class=\"wp-block-heading\">ECOTIC\u2019s commitment<\/h3>\n\n<p>At ECOTIC, we share the vision that cooperation, dialogue, and mutual respect among all industry stakeholders are key to advancing towards a truly circular economy.<br\/>We will continue working to promote WEEE collection, treatment, and recovery solutions, collaborating with producers, distributors, installers, and public administrations to achieve their goals and support the recovery of critical raw materials. <\/p>\n\n<p><strong><a href=\"https:\/\/congresonacionalraee.es\/vii-congreso-raee\/galeria\/\"><mark style=\"background-color:rgba(0, 0, 0, 0)\" class=\"has-inline-color has-vivid-cyan-blue-color\">Photo gallery available.<\/mark><\/a><\/strong><\/p>\n\n<p><\/p>\n","protected":false},"excerpt":{"rendered":"<p>A Coru\u00f1a hosted a new edition of the National WEEE Congress, a meeting point where authorities, producers, and collective systems agreed on a key message: public-private collaboration and constructive dialogue among all stakeholders are essential to align goals, improve regulation, and provide legal certainty across the entire value chain. The event was promoted by OfiRAEE\u2019s [&hellip;]<\/p>\n","protected":false},"author":3,"featured_media":6696,"comment_status":"closed","ping_status":"closed","sticky":false,"template":"","format":"standard","meta":{"footnotes":""},"categories":[12],"tags":[],"class_list":["post-6762","post","type-post","status-publish","format-standard","has-post-thumbnail","hentry","category-uncategorized"],"yoast_head":"<!-- This site is optimized with the Yoast SEO plugin v27.4 - https:\/\/yoast.com\/product\/yoast-seo-wordpress\/ -->\n<title>The 7th National WEEE Congress brings together the debate on the future of recycling and critical materials in A Coru\u00f1a - Ecotic<\/title>\n<meta name=\"robots\" content=\"index, follow, max-snippet:-1, max-image-preview:large, max-video-preview:-1\" \/>\n<link rel=\"canonical\" href=\"https:\/\/fundacion-ecotic.es\/en\/the-7th-national-weee-congress-brings-together-the-debate-on-the-future-of-recycling-and-critical-materials-in-a-coruna\/\" \/>\n<meta property=\"og:locale\" content=\"en_US\" \/>\n<meta property=\"og:type\" content=\"article\" \/>\n<meta property=\"og:title\" content=\"The 7th National WEEE Congress brings together the debate on the future of recycling and critical materials in A Coru\u00f1a - Ecotic\" \/>\n<meta property=\"og:description\" content=\"A Coru\u00f1a hosted a new edition of the National WEEE Congress, a meeting point where authorities, producers, and collective systems agreed on a key message: public-private collaboration and constructive dialogue among all stakeholders are essential to align goals, improve regulation, and provide legal certainty across the entire value chain. The event was promoted by OfiRAEE\u2019s [&hellip;]\" \/>\n<meta property=\"og:url\" content=\"https:\/\/fundacion-ecotic.es\/en\/the-7th-national-weee-congress-brings-together-the-debate-on-the-future-of-recycling-and-critical-materials-in-a-coruna\/\" \/>\n<meta property=\"og:site_name\" content=\"Ecotic\" \/>\n<meta property=\"article:published_time\" content=\"2025-10-14T13:51:53+00:00\" \/>\n<meta property=\"article:modified_time\" content=\"2025-11-07T11:06:58+00:00\" \/>\n<meta property=\"og:image\" content=\"https:\/\/fundacion-ecotic.es\/wp-content\/uploads\/2025\/10\/WhatsApp-Image-2025-10-07-at-16.43.32-gigapixel-low-resolution-v2-2x-scaled.jpeg\" \/>\n\t<meta property=\"og:image:width\" content=\"2560\" \/>\n\t<meta property=\"og:image:height\" content=\"1920\" \/>\n\t<meta property=\"og:image:type\" content=\"image\/jpeg\" \/>\n<meta name=\"author\" content=\"Lara Mar\u00edn\" \/>\n<meta name=\"twitter:card\" content=\"summary_large_image\" \/>\n<meta name=\"twitter:label1\" content=\"Written by\" \/>\n\t<meta name=\"twitter:data1\" content=\"Lara Mar\u00edn\" \/>\n\t<meta name=\"twitter:label2\" content=\"Est. reading time\" \/>\n\t<meta name=\"twitter:data2\" content=\"2 minutes\" \/>\n<script type=\"application\/ld+json\" class=\"yoast-schema-graph\">{\"@context\":\"https:\\\/\\\/schema.org\",\"@graph\":[{\"@type\":\"Article\",\"@id\":\"https:\\\/\\\/fundacion-ecotic.es\\\/en\\\/the-7th-national-weee-congress-brings-together-the-debate-on-the-future-of-recycling-and-critical-materials-in-a-coruna\\\/#article\",\"isPartOf\":{\"@id\":\"https:\\\/\\\/fundacion-ecotic.es\\\/en\\\/the-7th-national-weee-congress-brings-together-the-debate-on-the-future-of-recycling-and-critical-materials-in-a-coruna\\\/\"},\"author\":{\"name\":\"Lara Mar\u00edn\",\"@id\":\"https:\\\/\\\/fundacion-ecotic.es\\\/en\\\/#\\\/schema\\\/person\\\/e2e3d498bdcc10cfd12f3bfafb9acd3e\"},\"headline\":\"The 7th National WEEE Congress brings together the debate on the future of recycling and critical materials in A Coru\u00f1a\",\"datePublished\":\"2025-10-14T13:51:53+00:00\",\"dateModified\":\"2025-11-07T11:06:58+00:00\",\"mainEntityOfPage\":{\"@id\":\"https:\\\/\\\/fundacion-ecotic.es\\\/en\\\/the-7th-national-weee-congress-brings-together-the-debate-on-the-future-of-recycling-and-critical-materials-in-a-coruna\\\/\"},\"wordCount\":389,\"publisher\":{\"@id\":\"https:\\\/\\\/fundacion-ecotic.es\\\/en\\\/#organization\"},\"image\":{\"@id\":\"https:\\\/\\\/fundacion-ecotic.es\\\/en\\\/the-7th-national-weee-congress-brings-together-the-debate-on-the-future-of-recycling-and-critical-materials-in-a-coruna\\\/#primaryimage\"},\"thumbnailUrl\":\"https:\\\/\\\/fundacion-ecotic.es\\\/wp-content\\\/uploads\\\/2025\\\/10\\\/WhatsApp-Image-2025-10-07-at-16.43.32-gigapixel-low-resolution-v2-2x-scaled.jpeg\",\"inLanguage\":\"en-US\"},{\"@type\":\"WebPage\",\"@id\":\"https:\\\/\\\/fundacion-ecotic.es\\\/en\\\/the-7th-national-weee-congress-brings-together-the-debate-on-the-future-of-recycling-and-critical-materials-in-a-coruna\\\/\",\"url\":\"https:\\\/\\\/fundacion-ecotic.es\\\/en\\\/the-7th-national-weee-congress-brings-together-the-debate-on-the-future-of-recycling-and-critical-materials-in-a-coruna\\\/\",\"name\":\"The 7th National WEEE Congress brings together the debate on the future of recycling and critical materials in A Coru\u00f1a - Ecotic\",\"isPartOf\":{\"@id\":\"https:\\\/\\\/fundacion-ecotic.es\\\/en\\\/#website\"},\"primaryImageOfPage\":{\"@id\":\"https:\\\/\\\/fundacion-ecotic.es\\\/en\\\/the-7th-national-weee-congress-brings-together-the-debate-on-the-future-of-recycling-and-critical-materials-in-a-coruna\\\/#primaryimage\"},\"image\":{\"@id\":\"https:\\\/\\\/fundacion-ecotic.es\\\/en\\\/the-7th-national-weee-congress-brings-together-the-debate-on-the-future-of-recycling-and-critical-materials-in-a-coruna\\\/#primaryimage\"},\"thumbnailUrl\":\"https:\\\/\\\/fundacion-ecotic.es\\\/wp-content\\\/uploads\\\/2025\\\/10\\\/WhatsApp-Image-2025-10-07-at-16.43.32-gigapixel-low-resolution-v2-2x-scaled.jpeg\",\"datePublished\":\"2025-10-14T13:51:53+00:00\",\"dateModified\":\"2025-11-07T11:06:58+00:00\",\"breadcrumb\":{\"@id\":\"https:\\\/\\\/fundacion-ecotic.es\\\/en\\\/the-7th-national-weee-congress-brings-together-the-debate-on-the-future-of-recycling-and-critical-materials-in-a-coruna\\\/#breadcrumb\"},\"inLanguage\":\"en-US\",\"potentialAction\":[{\"@type\":\"ReadAction\",\"target\":[\"https:\\\/\\\/fundacion-ecotic.es\\\/en\\\/the-7th-national-weee-congress-brings-together-the-debate-on-the-future-of-recycling-and-critical-materials-in-a-coruna\\\/\"]}]},{\"@type\":\"ImageObject\",\"inLanguage\":\"en-US\",\"@id\":\"https:\\\/\\\/fundacion-ecotic.es\\\/en\\\/the-7th-national-weee-congress-brings-together-the-debate-on-the-future-of-recycling-and-critical-materials-in-a-coruna\\\/#primaryimage\",\"url\":\"https:\\\/\\\/fundacion-ecotic.es\\\/wp-content\\\/uploads\\\/2025\\\/10\\\/WhatsApp-Image-2025-10-07-at-16.43.32-gigapixel-low-resolution-v2-2x-scaled.jpeg\",\"contentUrl\":\"https:\\\/\\\/fundacion-ecotic.es\\\/wp-content\\\/uploads\\\/2025\\\/10\\\/WhatsApp-Image-2025-10-07-at-16.43.32-gigapixel-low-resolution-v2-2x-scaled.jpeg\",\"width\":2560,\"height\":1920},{\"@type\":\"BreadcrumbList\",\"@id\":\"https:\\\/\\\/fundacion-ecotic.es\\\/en\\\/the-7th-national-weee-congress-brings-together-the-debate-on-the-future-of-recycling-and-critical-materials-in-a-coruna\\\/#breadcrumb\",\"itemListElement\":[{\"@type\":\"ListItem\",\"position\":1,\"name\":\"Portada\",\"item\":\"https:\\\/\\\/fundacion-ecotic.es\\\/en\\\/\"},{\"@type\":\"ListItem\",\"position\":2,\"name\":\"The 7th National WEEE Congress brings together the debate on the future of recycling and critical materials in A Coru\u00f1a\"}]},{\"@type\":\"WebSite\",\"@id\":\"https:\\\/\\\/fundacion-ecotic.es\\\/en\\\/#website\",\"url\":\"https:\\\/\\\/fundacion-ecotic.es\\\/en\\\/\",\"name\":\"Ecotic\",\"description\":\"Ecotic\",\"publisher\":{\"@id\":\"https:\\\/\\\/fundacion-ecotic.es\\\/en\\\/#organization\"},\"potentialAction\":[{\"@type\":\"SearchAction\",\"target\":{\"@type\":\"EntryPoint\",\"urlTemplate\":\"https:\\\/\\\/fundacion-ecotic.es\\\/en\\\/?s={search_term_string}\"},\"query-input\":{\"@type\":\"PropertyValueSpecification\",\"valueRequired\":true,\"valueName\":\"search_term_string\"}}],\"inLanguage\":\"en-US\"},{\"@type\":\"Organization\",\"@id\":\"https:\\\/\\\/fundacion-ecotic.es\\\/en\\\/#organization\",\"name\":\"Ecotic\",\"url\":\"https:\\\/\\\/fundacion-ecotic.es\\\/en\\\/\",\"logo\":{\"@type\":\"ImageObject\",\"inLanguage\":\"en-US\",\"@id\":\"https:\\\/\\\/fundacion-ecotic.es\\\/en\\\/#\\\/schema\\\/logo\\\/image\\\/\",\"url\":\"https:\\\/\\\/fundacion-ecotic.es\\\/wp-content\\\/uploads\\\/2024\\\/04\\\/logo-ecotic-fundacion.png\",\"contentUrl\":\"https:\\\/\\\/fundacion-ecotic.es\\\/wp-content\\\/uploads\\\/2024\\\/04\\\/logo-ecotic-fundacion.png\",\"width\":102,\"height\":39,\"caption\":\"Ecotic\"},\"image\":{\"@id\":\"https:\\\/\\\/fundacion-ecotic.es\\\/en\\\/#\\\/schema\\\/logo\\\/image\\\/\"}},{\"@type\":\"Person\",\"@id\":\"https:\\\/\\\/fundacion-ecotic.es\\\/en\\\/#\\\/schema\\\/person\\\/e2e3d498bdcc10cfd12f3bfafb9acd3e\",\"name\":\"Lara Mar\u00edn\",\"image\":{\"@type\":\"ImageObject\",\"inLanguage\":\"en-US\",\"@id\":\"https:\\\/\\\/secure.gravatar.com\\\/avatar\\\/e5d21ae4c61482c4860334cc772d5bba135921d9ad05f385facae35789843b74?s=96&d=mm&r=g\",\"url\":\"https:\\\/\\\/secure.gravatar.com\\\/avatar\\\/e5d21ae4c61482c4860334cc772d5bba135921d9ad05f385facae35789843b74?s=96&d=mm&r=g\",\"contentUrl\":\"https:\\\/\\\/secure.gravatar.com\\\/avatar\\\/e5d21ae4c61482c4860334cc772d5bba135921d9ad05f385facae35789843b74?s=96&d=mm&r=g\",\"caption\":\"Lara Mar\u00edn\"},\"url\":\"https:\\\/\\\/fundacion-ecotic.es\\\/en\\\/author\\\/lara\\\/\"}]}<\/script>\n<!-- \/ Yoast SEO plugin. -->","yoast_head_json":{"title":"The 7th National WEEE Congress brings together the debate on the future of recycling and critical materials in A Coru\u00f1a - Ecotic","robots":{"index":"index","follow":"follow","max-snippet":"max-snippet:-1","max-image-preview":"max-image-preview:large","max-video-preview":"max-video-preview:-1"},"canonical":"https:\/\/fundacion-ecotic.es\/en\/the-7th-national-weee-congress-brings-together-the-debate-on-the-future-of-recycling-and-critical-materials-in-a-coruna\/","og_locale":"en_US","og_type":"article","og_title":"The 7th National WEEE Congress brings together the debate on the future of recycling and critical materials in A Coru\u00f1a - Ecotic","og_description":"A Coru\u00f1a hosted a new edition of the National WEEE Congress, a meeting point where authorities, producers, and collective systems agreed on a key message: public-private collaboration and constructive dialogue among all stakeholders are essential to align goals, improve regulation, and provide legal certainty across the entire value chain. The event was promoted by OfiRAEE\u2019s [&hellip;]","og_url":"https:\/\/fundacion-ecotic.es\/en\/the-7th-national-weee-congress-brings-together-the-debate-on-the-future-of-recycling-and-critical-materials-in-a-coruna\/","og_site_name":"Ecotic","article_published_time":"2025-10-14T13:51:53+00:00","article_modified_time":"2025-11-07T11:06:58+00:00","og_image":[{"width":2560,"height":1920,"url":"https:\/\/fundacion-ecotic.es\/wp-content\/uploads\/2025\/10\/WhatsApp-Image-2025-10-07-at-16.43.32-gigapixel-low-resolution-v2-2x-scaled.jpeg","type":"image\/jpeg"}],"author":"Lara Mar\u00edn","twitter_card":"summary_large_image","twitter_misc":{"Written by":"Lara Mar\u00edn","Est. reading time":"2 minutes"},"schema":{"@context":"https:\/\/schema.org","@graph":[{"@type":"Article","@id":"https:\/\/fundacion-ecotic.es\/en\/the-7th-national-weee-congress-brings-together-the-debate-on-the-future-of-recycling-and-critical-materials-in-a-coruna\/#article","isPartOf":{"@id":"https:\/\/fundacion-ecotic.es\/en\/the-7th-national-weee-congress-brings-together-the-debate-on-the-future-of-recycling-and-critical-materials-in-a-coruna\/"},"author":{"name":"Lara Mar\u00edn","@id":"https:\/\/fundacion-ecotic.es\/en\/#\/schema\/person\/e2e3d498bdcc10cfd12f3bfafb9acd3e"},"headline":"The 7th National WEEE Congress brings together the debate on the future of recycling and critical materials in A Coru\u00f1a","datePublished":"2025-10-14T13:51:53+00:00","dateModified":"2025-11-07T11:06:58+00:00","mainEntityOfPage":{"@id":"https:\/\/fundacion-ecotic.es\/en\/the-7th-national-weee-congress-brings-together-the-debate-on-the-future-of-recycling-and-critical-materials-in-a-coruna\/"},"wordCount":389,"publisher":{"@id":"https:\/\/fundacion-ecotic.es\/en\/#organization"},"image":{"@id":"https:\/\/fundacion-ecotic.es\/en\/the-7th-national-weee-congress-brings-together-the-debate-on-the-future-of-recycling-and-critical-materials-in-a-coruna\/#primaryimage"},"thumbnailUrl":"https:\/\/fundacion-ecotic.es\/wp-content\/uploads\/2025\/10\/WhatsApp-Image-2025-10-07-at-16.43.32-gigapixel-low-resolution-v2-2x-scaled.jpeg","inLanguage":"en-US"},{"@type":"WebPage","@id":"https:\/\/fundacion-ecotic.es\/en\/the-7th-national-weee-congress-brings-together-the-debate-on-the-future-of-recycling-and-critical-materials-in-a-coruna\/","url":"https:\/\/fundacion-ecotic.es\/en\/the-7th-national-weee-congress-brings-together-the-debate-on-the-future-of-recycling-and-critical-materials-in-a-coruna\/","name":"The 7th National WEEE Congress brings together the debate on the future of recycling and critical materials in A Coru\u00f1a - Ecotic","isPartOf":{"@id":"https:\/\/fundacion-ecotic.es\/en\/#website"},"primaryImageOfPage":{"@id":"https:\/\/fundacion-ecotic.es\/en\/the-7th-national-weee-congress-brings-together-the-debate-on-the-future-of-recycling-and-critical-materials-in-a-coruna\/#primaryimage"},"image":{"@id":"https:\/\/fundacion-ecotic.es\/en\/the-7th-national-weee-congress-brings-together-the-debate-on-the-future-of-recycling-and-critical-materials-in-a-coruna\/#primaryimage"},"thumbnailUrl":"https:\/\/fundacion-ecotic.es\/wp-content\/uploads\/2025\/10\/WhatsApp-Image-2025-10-07-at-16.43.32-gigapixel-low-resolution-v2-2x-scaled.jpeg","datePublished":"2025-10-14T13:51:53+00:00","dateModified":"2025-11-07T11:06:58+00:00","breadcrumb":{"@id":"https:\/\/fundacion-ecotic.es\/en\/the-7th-national-weee-congress-brings-together-the-debate-on-the-future-of-recycling-and-critical-materials-in-a-coruna\/#breadcrumb"},"inLanguage":"en-US","potentialAction":[{"@type":"ReadAction","target":["https:\/\/fundacion-ecotic.es\/en\/the-7th-national-weee-congress-brings-together-the-debate-on-the-future-of-recycling-and-critical-materials-in-a-coruna\/"]}]},{"@type":"ImageObject","inLanguage":"en-US","@id":"https:\/\/fundacion-ecotic.es\/en\/the-7th-national-weee-congress-brings-together-the-debate-on-the-future-of-recycling-and-critical-materials-in-a-coruna\/#primaryimage","url":"https:\/\/fundacion-ecotic.es\/wp-content\/uploads\/2025\/10\/WhatsApp-Image-2025-10-07-at-16.43.32-gigapixel-low-resolution-v2-2x-scaled.jpeg","contentUrl":"https:\/\/fundacion-ecotic.es\/wp-content\/uploads\/2025\/10\/WhatsApp-Image-2025-10-07-at-16.43.32-gigapixel-low-resolution-v2-2x-scaled.jpeg","width":2560,"height":1920},{"@type":"BreadcrumbList","@id":"https:\/\/fundacion-ecotic.es\/en\/the-7th-national-weee-congress-brings-together-the-debate-on-the-future-of-recycling-and-critical-materials-in-a-coruna\/#breadcrumb","itemListElement":[{"@type":"ListItem","position":1,"name":"Portada","item":"https:\/\/fundacion-ecotic.es\/en\/"},{"@type":"ListItem","position":2,"name":"The 7th National WEEE Congress brings together the debate on the future of recycling and critical materials in A Coru\u00f1a"}]},{"@type":"WebSite","@id":"https:\/\/fundacion-ecotic.es\/en\/#website","url":"https:\/\/fundacion-ecotic.es\/en\/","name":"Ecotic","description":"Ecotic","publisher":{"@id":"https:\/\/fundacion-ecotic.es\/en\/#organization"},"potentialAction":[{"@type":"SearchAction","target":{"@type":"EntryPoint","urlTemplate":"https:\/\/fundacion-ecotic.es\/en\/?s={search_term_string}"},"query-input":{"@type":"PropertyValueSpecification","valueRequired":true,"valueName":"search_term_string"}}],"inLanguage":"en-US"},{"@type":"Organization","@id":"https:\/\/fundacion-ecotic.es\/en\/#organization","name":"Ecotic","url":"https:\/\/fundacion-ecotic.es\/en\/","logo":{"@type":"ImageObject","inLanguage":"en-US","@id":"https:\/\/fundacion-ecotic.es\/en\/#\/schema\/logo\/image\/","url":"https:\/\/fundacion-ecotic.es\/wp-content\/uploads\/2024\/04\/logo-ecotic-fundacion.png","contentUrl":"https:\/\/fundacion-ecotic.es\/wp-content\/uploads\/2024\/04\/logo-ecotic-fundacion.png","width":102,"height":39,"caption":"Ecotic"},"image":{"@id":"https:\/\/fundacion-ecotic.es\/en\/#\/schema\/logo\/image\/"}},{"@type":"Person","@id":"https:\/\/fundacion-ecotic.es\/en\/#\/schema\/person\/e2e3d498bdcc10cfd12f3bfafb9acd3e","name":"Lara Mar\u00edn","image":{"@type":"ImageObject","inLanguage":"en-US","@id":"https:\/\/secure.gravatar.com\/avatar\/e5d21ae4c61482c4860334cc772d5bba135921d9ad05f385facae35789843b74?s=96&d=mm&r=g","url":"https:\/\/secure.gravatar.com\/avatar\/e5d21ae4c61482c4860334cc772d5bba135921d9ad05f385facae35789843b74?s=96&d=mm&r=g","contentUrl":"https:\/\/secure.gravatar.com\/avatar\/e5d21ae4c61482c4860334cc772d5bba135921d9ad05f385facae35789843b74?s=96&d=mm&r=g","caption":"Lara Mar\u00edn"},"url":"https:\/\/fundacion-ecotic.es\/en\/author\/lara\/"}]}},"_links":{"self":[{"href":"https:\/\/fundacion-ecotic.es\/en\/wp-json\/wp\/v2\/posts\/6762","targetHints":{"allow":["GET"]}}],"collection":[{"href":"https:\/\/fundacion-ecotic.es\/en\/wp-json\/wp\/v2\/posts"}],"about":[{"href":"https:\/\/fundacion-ecotic.es\/en\/wp-json\/wp\/v2\/types\/post"}],"author":[{"embeddable":true,"href":"https:\/\/fundacion-ecotic.es\/en\/wp-json\/wp\/v2\/users\/3"}],"replies":[{"embeddable":true,"href":"https:\/\/fundacion-ecotic.es\/en\/wp-json\/wp\/v2\/comments?post=6762"}],"version-history":[{"count":1,"href":"https:\/\/fundacion-ecotic.es\/en\/wp-json\/wp\/v2\/posts\/6762\/revisions"}],"predecessor-version":[{"id":6763,"href":"https:\/\/fundacion-ecotic.es\/en\/wp-json\/wp\/v2\/posts\/6762\/revisions\/6763"}],"wp:featuredmedia":[{"embeddable":true,"href":"https:\/\/fundacion-ecotic.es\/en\/wp-json\/wp\/v2\/media\/6696"}],"wp:attachment":[{"href":"https:\/\/fundacion-ecotic.es\/en\/wp-json\/wp\/v2\/media?parent=6762"}],"wp:term":[{"taxonomy":"category","embeddable":true,"href":"https:\/\/fundacion-ecotic.es\/en\/wp-json\/wp\/v2\/categories?post=6762"},{"taxonomy":"post_tag","embeddable":true,"href":"https:\/\/fundacion-ecotic.es\/en\/wp-json\/wp\/v2\/tags?post=6762"}],"curies":[{"name":"wp","href":"https:\/\/api.w.org\/{rel}","templated":true}]}}